{"id":292433,"date":"2026-02-13T15:01:33","date_gmt":"2026-02-13T15:01:33","guid":{"rendered":"https:\/\/recoletasmarbella.com\/?p=292433"},"modified":"2026-02-16T10:50:46","modified_gmt":"2026-02-16T10:50:46","slug":"neue-kunstausstellung","status":"publish","type":"post","link":"https:\/\/recoletasmarbella.com\/de\/neue-kunstausstellung\/","title":{"rendered":"Neue Kunstausstellung im Hospital Recoletas Salud Marbella"},"content":{"rendered":"<h2><strong><em>Dreizehn Werke des Malers Alejandro Hermann<\/em><\/strong><\/h2>\n<h2><strong><em>In Zusammenarbeit mit der Stiftung [H]ARTE zur Verbesserung des Krankenhausaufenthalts ihrer Patienten<\/em><\/strong><\/h2>\n<p>Seit gestern Abend ist im Krankenhaus Recoletas Salud in Marbella eine Ausstellung des argentinischen K\u00fcnstlers Alejandro Hermann zu sehen, der seit mehr als drei Jahrzehnten in Marbella lebt.<\/p>\n<p>Mit dem gemeinsamen Ziel, die R\u00e4ume des Krankenhauses menschlicher zu gestalten und sie schrittweise in einladende und komfortable Orte zu verwandeln, organisiert Recoletas Salud Marbella in Zusammenarbeit mit der Stiftung [H]ARTE diese zweite Ausstellung (die erste war die des K\u00fcnstlers Hubertus de Holenhoe), die aus elf Gem\u00e4lden besteht, die der K\u00fcnstler selbst f\u00fcr diese Ausstellung ausgew\u00e4hlt hat und die in den Gemeinschaftsr\u00e4umen des Krankenhauses verteilt sind, damit Patienten und Mitarbeiter sie genie\u00dfen k\u00f6nnen.<\/p>\n<p>Bei der Er\u00f6ffnung der Ausstellung begr\u00fc\u00dfte Carmen Rodr\u00edguez, die Leiterin von Recoletas Salud Marbella, diese Initiative, die darauf abzielt, dass die Patienten, die in das Krankenhaus kommen, einen freundlicheren, w\u00e4rmeren und viel besseren Aufenthalt haben.<\/p>\n<p><em>\"F\u00fcr Recoletas Salud Marbella ist diese Initiative ein gro\u00dfer Erfolg, der unseren Wunsch unterstreicht, viel mehr als ein Krankenhaus zu sein, das Gesundheit und Wellness anbietet. Wir wollen unseren Patienten auch die Kunst n\u00e4her bringen, um Kultur und Wissen zu f\u00f6rdern.<\/em>\", sagte Carmen Rodr\u00edguez.<\/p>\n<p>Die Verbesserung der Krankenhauserfahrung der Patienten, die Steigerung ihres Wohlbefindens und die Bereicherung ihres Lebens ist auch das Hauptziel der Stiftung [H]ARTE. Tamara Kreisler, die \u00fcber mehr als 25 Jahre Erfahrung in der Kunstwelt verf\u00fcgt, ist die Pr\u00e4sidentin dieser Stiftung. <em>\"Es gibt Beweise f\u00fcr die therapeutische Wirkung von Kunst auf den Menschen. Die Weltgesundheitsorganisation selbst hebt die Rolle der Kunst beim Abbau von Stress, Anspannung, Angst usw. bei Patienten hervor.<\/em>\", betonte er.<\/p>\n<p>Sowohl Carmen Rodr\u00edguez als auch Kreisler betonten das Gl\u00fcck, den K\u00fcnstler Alejando Hermann in dieser Ausstellung zu haben, dessen Werke in verschiedenen Teilen Spaniens und Europas kollektiv, privat und individuell besucht wurden.<\/p>\n<p>Seit \u00fcber 40 Jahren erforscht Hermann ein breites Spektrum an Stilen, Themen, Materialien und Techniken, von der figurativen Malerei bis hin zur intimsten Abstraktion, und l\u00e4dt den Betrachter zu einer Erfahrung emotionaler und spiritueller Introspektion ein. Seine Kunst soll zum Nachdenken anregen und innere Zust\u00e4nde von Frieden, Ausgeglichenheit und Reflexion hervorrufen.<\/p>\n<p><strong>*Die Ausstellung wird die n\u00e4chsten vier Monate zu sehen sein.<\/strong><\/p>\n<p><strong>*Hospital Recoletas Salud Marbella (c\/ Maestra Do\u00f1a Carola, 8. Marbella) <\/strong><\/p>\n<p>&nbsp;<\/p>\n<h2><strong><u>\u00dcber Recoletas Health<\/u><\/strong><\/h2>\n<p>Mit 37 Jahren Erfahrung im spanischen Gesundheitssektor ist Recoletas Salud in Burgos, C\u00e1diz, Cuenca, C\u00f3rdoba, Marbella, Murcia, Ourense, Palencia, Ponferrada, Salamanca, Santander, Segovia, Sevilla, Valladolid, Zamora und Zaragoza vertreten.<\/p>\n<p>Das Projekt Recoletas Salud zeichnet sich dadurch aus, dass alle seine Krankenh\u00e4user und medizinischen Zentren, Zentren f\u00fcr diagnostische Bildgebung, Kliniken f\u00fcr Reproduktionsmedizin und spezialisierten medizinischen Institute mit der besten medizinischen Ausr\u00fcstung und der neuesten, fortschrittlichsten und intelligentesten Gesundheitstechnologie in diesem Sektor ausgestattet sind.<\/p>\n<p>&nbsp;<\/p>\n<h2><strong><u>\u00dcber die [H]ARTE Foundation<\/u><\/strong><\/h2>\n<p>Die [H]ARTE Foundation organisiert tempor\u00e4re Kunstausstellungen und erstellt Solidarit\u00e4tswandbilder an Orten, an denen sich Menschen in gef\u00e4hrdeten Situationen aufhalten, wie etwa in Krankenh\u00e4usern, Gesundheitszentren und Wohnheimen. Ihr Ziel besteht darin, allen, die dort Zeit verbringen \u2013 Patienten, Familienmitgliedern und Mitarbeitern des Gesundheitswesens \u2013 die M\u00f6glichkeit zu geben, dem Alltag zu entfliehen und sich w\u00e4hrend des Heilungsprozesses sowohl k\u00f6rperlich als auch emotional vom k\u00fcnstlerischen Wert jedes einzelnen Werks inspirieren zu lassen.<\/p>\n<p>Dies ist die erste spanische Organisation, die diese Art von Aktivit\u00e4t in unserem Land umsetzt, nachdem \u00e4hnliche Initiativen in L\u00e4ndern wie den Vereinigten Staaten und dem Vereinigten K\u00f6nigreich erfolgreich waren und sowohl f\u00fcr Patienten als auch f\u00fcr Krankenhauspersonal hervorragende Ergebnisse erzielt wurden.<\/p>","protected":false},"excerpt":{"rendered":"<p>Trece obras del pintor Alejandro Hermann En colaboraci\u00f3n con la Fundaci\u00f3n [H]ARTE para mejorar la estancia hospitalaria de sus pacientes El Hospital Recoletas Salud de Marbella acoge desde ayer tarde una exposici\u00f3n del artista argentino y residente en Marbella desde hace m\u00e1s de tres d\u00e9cadas, Alejandro Hermann. Con el objetivo com\u00fan de humanizar los espacios [&hellip;]<\/p>","protected":false},"author":3,"featured_media":292434,"comment_status":"open","ping_status":"closed","sticky":false,"template":"","format":"standard","meta":{"_et_pb_use_builder":"off","_et_pb_old_content":"","_et_gb_content_width":"","footnotes":""},"categories":[26],"tags":[33,32,28,36],"class_list":["post-292433","post","type-post","status-publish","format-standard","has-post-thumbnail","hentry","category-actividades-del-centro","tag-eventos","tag-fundacion-harte","tag-noticias","tag-recoletas"],"yoast_head":"<!-- This site is optimized with the Yoast SEO plugin v26.1.1 - https:\/\/yoast.com\/wordpress\/plugins\/seo\/ -->\n<title>Nueva exposici\u00f3n art\u00edstica en el Hospital Recoletas Salud Marbella - Hospital Marbella<\/title>\n<meta name=\"description\" content=\"El Hospital Recoletas Salud de Marbella acoge desde ayer tarde una exposici\u00f3n del artista argentino y residente en Marbella desde hace m\u00e1s de tres d\u00e9cadas, Alejandro Hermann.\" \/>\n<meta name=\"robots\" content=\"index, follow, max-snippet:-1, max-image-preview:large, max-video-preview:-1\" \/>\n<link rel=\"canonical\" href=\"https:\/\/recoletasmarbella.com\/de\/neue-kunstausstellung\/\" \/>\n<meta property=\"og:locale\" content=\"de_DE\" \/>\n<meta property=\"og:type\" content=\"article\" \/>\n<meta property=\"og:title\" content=\"Nueva exposici\u00f3n art\u00edstica en el Hospital Recoletas Salud Marbella - Hospital Marbella\" \/>\n<meta property=\"og:description\" content=\"El Hospital Recoletas Salud de Marbella acoge desde ayer tarde una exposici\u00f3n del artista argentino y residente en Marbella desde hace m\u00e1s de tres d\u00e9cadas, Alejandro Hermann.\" \/>\n<meta property=\"og:url\" content=\"https:\/\/recoletasmarbella.com\/de\/neue-kunstausstellung\/\" \/>\n<meta property=\"og:site_name\" content=\"Hospital Marbella\" \/>\n<meta property=\"article:publisher\" content=\"https:\/\/www.facebook.com\/people\/Recoletas-Salud-Marbella\/61573653462220\/\" \/>\n<meta property=\"article:published_time\" content=\"2026-02-13T15:01:33+00:00\" \/>\n<meta property=\"article:modified_time\" content=\"2026-02-16T10:50:46+00:00\" \/>\n<meta property=\"og:image\" content=\"http:\/\/recoletasmarbella.com\/wp-content\/uploads\/2026\/02\/Nueva-exposicion-artistica-en-el-Hospital-Recoletas-Salud-Marbella.png\" \/>\n\t<meta property=\"og:image:width\" content=\"1366\" \/>\n\t<meta property=\"og:image:height\" content=\"768\" \/>\n\t<meta property=\"og:image:type\" content=\"image\/png\" \/>\n<meta name=\"author\" content=\"Marketing Recoletas\" \/>\n<meta name=\"twitter:card\" content=\"summary_large_image\" \/>\n<meta name=\"twitter:label1\" content=\"Verfasst von\" \/>\n\t<meta name=\"twitter:data1\" content=\"Marketing Recoletas\" \/>\n\t<meta name=\"twitter:label2\" content=\"Gesch\u00e4tzte Lesezeit\" \/>\n\t<meta name=\"twitter:data2\" content=\"3\u00a0Minuten\" \/>\n<script type=\"application\/ld+json\" class=\"yoast-schema-graph\">{\"@context\":\"https:\/\/schema.org\",\"@graph\":[{\"@type\":\"Article\",\"@id\":\"https:\/\/recoletasmarbella.com\/nueva-exposicion-artistica\/#article\",\"isPartOf\":{\"@id\":\"https:\/\/recoletasmarbella.com\/nueva-exposicion-artistica\/\"},\"author\":{\"name\":\"Marketing Recoletas\",\"@id\":\"https:\/\/recoletasmarbella.com\/es\/#\/schema\/person\/3b21fa84f38da692a4e0fc02e4013aff\"},\"headline\":\"Nueva exposici\u00f3n art\u00edstica en el Hospital Recoletas Salud Marbella\",\"datePublished\":\"2026-02-13T15:01:33+00:00\",\"dateModified\":\"2026-02-16T10:50:46+00:00\",\"mainEntityOfPage\":{\"@id\":\"https:\/\/recoletasmarbella.com\/nueva-exposicion-artistica\/\"},\"wordCount\":668,\"commentCount\":0,\"publisher\":{\"@id\":\"https:\/\/recoletasmarbella.com\/es\/#organization\"},\"image\":{\"@id\":\"https:\/\/recoletasmarbella.com\/nueva-exposicion-artistica\/#primaryimage\"},\"thumbnailUrl\":\"https:\/\/recoletasmarbella.com\/wp-content\/uploads\/2026\/02\/Nueva-exposicion-artistica-en-el-Hospital-Recoletas-Salud-Marbella.png\",\"keywords\":[\"Eventos\",\"fundaci\u00f3n [H]ARTE\",\"noticias\",\"recoletas\"],\"articleSection\":[\"Actividades del centro\"],\"inLanguage\":\"de\",\"potentialAction\":[{\"@type\":\"CommentAction\",\"name\":\"Comment\",\"target\":[\"https:\/\/recoletasmarbella.com\/nueva-exposicion-artistica\/#respond\"]}]},{\"@type\":\"WebPage\",\"@id\":\"https:\/\/recoletasmarbella.com\/nueva-exposicion-artistica\/\",\"url\":\"https:\/\/recoletasmarbella.com\/nueva-exposicion-artistica\/\",\"name\":\"Nueva exposici\u00f3n art\u00edstica en el Hospital Recoletas Salud Marbella - Hospital Marbella\",\"isPartOf\":{\"@id\":\"https:\/\/recoletasmarbella.com\/es\/#website\"},\"primaryImageOfPage\":{\"@id\":\"https:\/\/recoletasmarbella.com\/nueva-exposicion-artistica\/#primaryimage\"},\"image\":{\"@id\":\"https:\/\/recoletasmarbella.com\/nueva-exposicion-artistica\/#primaryimage\"},\"thumbnailUrl\":\"https:\/\/recoletasmarbella.com\/wp-content\/uploads\/2026\/02\/Nueva-exposicion-artistica-en-el-Hospital-Recoletas-Salud-Marbella.png\",\"datePublished\":\"2026-02-13T15:01:33+00:00\",\"dateModified\":\"2026-02-16T10:50:46+00:00\",\"description\":\"El Hospital Recoletas Salud de Marbella acoge desde ayer tarde una exposici\u00f3n del artista argentino y residente en Marbella desde hace m\u00e1s de tres d\u00e9cadas, Alejandro Hermann.\",\"breadcrumb\":{\"@id\":\"https:\/\/recoletasmarbella.com\/nueva-exposicion-artistica\/#breadcrumb\"},\"inLanguage\":\"de\",\"potentialAction\":[{\"@type\":\"ReadAction\",\"target\":[\"https:\/\/recoletasmarbella.com\/nueva-exposicion-artistica\/\"]}]},{\"@type\":\"ImageObject\",\"inLanguage\":\"de\",\"@id\":\"https:\/\/recoletasmarbella.com\/nueva-exposicion-artistica\/#primaryimage\",\"url\":\"https:\/\/recoletasmarbella.com\/wp-content\/uploads\/2026\/02\/Nueva-exposicion-artistica-en-el-Hospital-Recoletas-Salud-Marbella.png\",\"contentUrl\":\"https:\/\/recoletasmarbella.com\/wp-content\/uploads\/2026\/02\/Nueva-exposicion-artistica-en-el-Hospital-Recoletas-Salud-Marbella.png\",\"width\":1366,\"height\":768,\"caption\":\"Nueva exposici\u00f3n art\u00edstica en el Hospital Recoletas Salud Marbella\"},{\"@type\":\"BreadcrumbList\",\"@id\":\"https:\/\/recoletasmarbella.com\/nueva-exposicion-artistica\/#breadcrumb\",\"itemListElement\":[{\"@type\":\"ListItem\",\"position\":1,\"name\":\"Portada\",\"item\":\"https:\/\/recoletasmarbella.com\/es\/\"},{\"@type\":\"ListItem\",\"position\":2,\"name\":\"Nueva exposici\u00f3n art\u00edstica en el Hospital Recoletas Salud Marbella\"}]},{\"@type\":\"WebSite\",\"@id\":\"https:\/\/recoletasmarbella.com\/es\/#website\",\"url\":\"https:\/\/recoletasmarbella.com\/es\/\",\"name\":\"Hospital Recoletas Salud Marbella\",\"description\":\"Recoletas Salud\",\"publisher\":{\"@id\":\"https:\/\/recoletasmarbella.com\/es\/#organization\"},\"potentialAction\":[{\"@type\":\"SearchAction\",\"target\":{\"@type\":\"EntryPoint\",\"urlTemplate\":\"https:\/\/recoletasmarbella.com\/es\/?s={search_term_string}\"},\"query-input\":{\"@type\":\"PropertyValueSpecification\",\"valueRequired\":true,\"valueName\":\"search_term_string\"}}],\"inLanguage\":\"de\"},{\"@type\":\"Organization\",\"@id\":\"https:\/\/recoletasmarbella.com\/es\/#organization\",\"name\":\"Grupo Recoletas\",\"url\":\"https:\/\/recoletasmarbella.com\/es\/\",\"logo\":{\"@type\":\"ImageObject\",\"inLanguage\":\"de\",\"@id\":\"https:\/\/recoletasmarbella.com\/es\/#\/schema\/logo\/image\/\",\"url\":\"http:\/\/recoletasmarbella.com\/wp-content\/uploads\/2025\/01\/logo-v-hospital-marbella-1.png\",\"contentUrl\":\"http:\/\/recoletasmarbella.com\/wp-content\/uploads\/2025\/01\/logo-v-hospital-marbella-1.png\",\"width\":216,\"height\":164,\"caption\":\"Grupo Recoletas\"},\"image\":{\"@id\":\"https:\/\/recoletasmarbella.com\/es\/#\/schema\/logo\/image\/\"},\"sameAs\":[\"https:\/\/www.facebook.com\/people\/Recoletas-Salud-Marbella\/61573653462220\/\",\"https:\/\/www.instagram.com\/recoletassaludmarbella\/\",\"https:\/\/www.linkedin.com\/company\/recoletas-salud-marbella\",\"https:\/\/www.youtube.com\/@recoletassalud\"]},{\"@type\":\"Person\",\"@id\":\"https:\/\/recoletasmarbella.com\/es\/#\/schema\/person\/3b21fa84f38da692a4e0fc02e4013aff\",\"name\":\"Marketing Recoletas\",\"image\":{\"@type\":\"ImageObject\",\"inLanguage\":\"de\",\"@id\":\"https:\/\/recoletasmarbella.com\/es\/#\/schema\/person\/image\/\",\"url\":\"https:\/\/secure.gravatar.com\/avatar\/4199347ab14abe9709bf9ad4aec31b390e990cc5e81f7c6f88f680475de1932c?s=96&d=mm&r=g\",\"contentUrl\":\"https:\/\/secure.gravatar.com\/avatar\/4199347ab14abe9709bf9ad4aec31b390e990cc5e81f7c6f88f680475de1932c?s=96&d=mm&r=g\",\"caption\":\"Marketing Recoletas\"},\"url\":\"https:\/\/recoletasmarbella.com\/de\/author\/marketing\/\"}]}<\/script>\n<!-- \/ Yoast SEO plugin. -->","yoast_head_json":{"title":"Neue Kunstausstellung im Krankenhaus Recoletas Salud Marbella - Krankenhaus Marbella","description":"Seit gestern Abend ist im Krankenhaus Recoletas Salud in Marbella eine Ausstellung des argentinischen K\u00fcnstlers Alejandro Hermann zu sehen, der seit mehr als drei Jahrzehnten in Marbella lebt.","robots":{"index":"index","follow":"follow","max-snippet":"max-snippet:-1","max-image-preview":"max-image-preview:large","max-video-preview":"max-video-preview:-1"},"canonical":"https:\/\/recoletasmarbella.com\/de\/neue-kunstausstellung\/","og_locale":"de_DE","og_type":"article","og_title":"Nueva exposici\u00f3n art\u00edstica en el Hospital Recoletas Salud Marbella - Hospital Marbella","og_description":"El Hospital Recoletas Salud de Marbella acoge desde ayer tarde una exposici\u00f3n del artista argentino y residente en Marbella desde hace m\u00e1s de tres d\u00e9cadas, Alejandro Hermann.","og_url":"https:\/\/recoletasmarbella.com\/de\/neue-kunstausstellung\/","og_site_name":"Hospital Marbella","article_publisher":"https:\/\/www.facebook.com\/people\/Recoletas-Salud-Marbella\/61573653462220\/","article_published_time":"2026-02-13T15:01:33+00:00","article_modified_time":"2026-02-16T10:50:46+00:00","og_image":[{"width":1366,"height":768,"url":"http:\/\/recoletasmarbella.com\/wp-content\/uploads\/2026\/02\/Nueva-exposicion-artistica-en-el-Hospital-Recoletas-Salud-Marbella.png","type":"image\/png"}],"author":"Marketing Recoletas","twitter_card":"summary_large_image","twitter_misc":{"Verfasst von":"Marketing Recoletas","Gesch\u00e4tzte Lesezeit":"3\u00a0Minuten"},"schema":{"@context":"https:\/\/schema.org","@graph":[{"@type":"Article","@id":"https:\/\/recoletasmarbella.com\/nueva-exposicion-artistica\/#article","isPartOf":{"@id":"https:\/\/recoletasmarbella.com\/nueva-exposicion-artistica\/"},"author":{"name":"Marketing Recoletas","@id":"https:\/\/recoletasmarbella.com\/es\/#\/schema\/person\/3b21fa84f38da692a4e0fc02e4013aff"},"headline":"Nueva exposici\u00f3n art\u00edstica en el Hospital Recoletas Salud Marbella","datePublished":"2026-02-13T15:01:33+00:00","dateModified":"2026-02-16T10:50:46+00:00","mainEntityOfPage":{"@id":"https:\/\/recoletasmarbella.com\/nueva-exposicion-artistica\/"},"wordCount":668,"commentCount":0,"publisher":{"@id":"https:\/\/recoletasmarbella.com\/es\/#organization"},"image":{"@id":"https:\/\/recoletasmarbella.com\/nueva-exposicion-artistica\/#primaryimage"},"thumbnailUrl":"https:\/\/recoletasmarbella.com\/wp-content\/uploads\/2026\/02\/Nueva-exposicion-artistica-en-el-Hospital-Recoletas-Salud-Marbella.png","keywords":["Eventos","fundaci\u00f3n [H]ARTE","noticias","recoletas"],"articleSection":["Actividades del centro"],"inLanguage":"de","potentialAction":[{"@type":"CommentAction","name":"Comment","target":["https:\/\/recoletasmarbella.com\/nueva-exposicion-artistica\/#respond"]}]},{"@type":"WebPage","@id":"https:\/\/recoletasmarbella.com\/nueva-exposicion-artistica\/","url":"https:\/\/recoletasmarbella.com\/nueva-exposicion-artistica\/","name":"Neue Kunstausstellung im Krankenhaus Recoletas Salud Marbella - Krankenhaus Marbella","isPartOf":{"@id":"https:\/\/recoletasmarbella.com\/es\/#website"},"primaryImageOfPage":{"@id":"https:\/\/recoletasmarbella.com\/nueva-exposicion-artistica\/#primaryimage"},"image":{"@id":"https:\/\/recoletasmarbella.com\/nueva-exposicion-artistica\/#primaryimage"},"thumbnailUrl":"https:\/\/recoletasmarbella.com\/wp-content\/uploads\/2026\/02\/Nueva-exposicion-artistica-en-el-Hospital-Recoletas-Salud-Marbella.png","datePublished":"2026-02-13T15:01:33+00:00","dateModified":"2026-02-16T10:50:46+00:00","description":"Seit gestern Abend ist im Krankenhaus Recoletas Salud in Marbella eine Ausstellung des argentinischen K\u00fcnstlers Alejandro Hermann zu sehen, der seit mehr als drei Jahrzehnten in Marbella lebt.","breadcrumb":{"@id":"https:\/\/recoletasmarbella.com\/nueva-exposicion-artistica\/#breadcrumb"},"inLanguage":"de","potentialAction":[{"@type":"ReadAction","target":["https:\/\/recoletasmarbella.com\/nueva-exposicion-artistica\/"]}]},{"@type":"ImageObject","inLanguage":"de","@id":"https:\/\/recoletasmarbella.com\/nueva-exposicion-artistica\/#primaryimage","url":"https:\/\/recoletasmarbella.com\/wp-content\/uploads\/2026\/02\/Nueva-exposicion-artistica-en-el-Hospital-Recoletas-Salud-Marbella.png","contentUrl":"https:\/\/recoletasmarbella.com\/wp-content\/uploads\/2026\/02\/Nueva-exposicion-artistica-en-el-Hospital-Recoletas-Salud-Marbella.png","width":1366,"height":768,"caption":"Nueva exposici\u00f3n art\u00edstica en el Hospital Recoletas Salud Marbella"},{"@type":"BreadcrumbList","@id":"https:\/\/recoletasmarbella.com\/nueva-exposicion-artistica\/#breadcrumb","itemListElement":[{"@type":"ListItem","position":1,"name":"Portada","item":"https:\/\/recoletasmarbella.com\/es\/"},{"@type":"ListItem","position":2,"name":"Nueva exposici\u00f3n art\u00edstica en el Hospital Recoletas Salud Marbella"}]},{"@type":"WebSite","@id":"https:\/\/recoletasmarbella.com\/es\/#website","url":"https:\/\/recoletasmarbella.com\/es\/","name":"Hospital Recoletas Salud Marbella","description":"Recoletas Gesundheit","publisher":{"@id":"https:\/\/recoletasmarbella.com\/es\/#organization"},"potentialAction":[{"@type":"SearchAction","target":{"@type":"EntryPoint","urlTemplate":"https:\/\/recoletasmarbella.com\/es\/?s={search_term_string}"},"query-input":{"@type":"PropertyValueSpecification","valueRequired":true,"valueName":"search_term_string"}}],"inLanguage":"de"},{"@type":"Organization","@id":"https:\/\/recoletasmarbella.com\/es\/#organization","name":"Grupo Recoletas","url":"https:\/\/recoletasmarbella.com\/es\/","logo":{"@type":"ImageObject","inLanguage":"de","@id":"https:\/\/recoletasmarbella.com\/es\/#\/schema\/logo\/image\/","url":"http:\/\/recoletasmarbella.com\/wp-content\/uploads\/2025\/01\/logo-v-hospital-marbella-1.png","contentUrl":"http:\/\/recoletasmarbella.com\/wp-content\/uploads\/2025\/01\/logo-v-hospital-marbella-1.png","width":216,"height":164,"caption":"Grupo Recoletas"},"image":{"@id":"https:\/\/recoletasmarbella.com\/es\/#\/schema\/logo\/image\/"},"sameAs":["https:\/\/www.facebook.com\/people\/Recoletas-Salud-Marbella\/61573653462220\/","https:\/\/www.instagram.com\/recoletassaludmarbella\/","https:\/\/www.linkedin.com\/company\/recoletas-salud-marbella","https:\/\/www.youtube.com\/@recoletassalud"]},{"@type":"Person","@id":"https:\/\/recoletasmarbella.com\/es\/#\/schema\/person\/3b21fa84f38da692a4e0fc02e4013aff","name":"Marketing Recoletas","image":{"@type":"ImageObject","inLanguage":"de","@id":"https:\/\/recoletasmarbella.com\/es\/#\/schema\/person\/image\/","url":"https:\/\/secure.gravatar.com\/avatar\/4199347ab14abe9709bf9ad4aec31b390e990cc5e81f7c6f88f680475de1932c?s=96&d=mm&r=g","contentUrl":"https:\/\/secure.gravatar.com\/avatar\/4199347ab14abe9709bf9ad4aec31b390e990cc5e81f7c6f88f680475de1932c?s=96&d=mm&r=g","caption":"Marketing Recoletas"},"url":"https:\/\/recoletasmarbella.com\/de\/author\/marketing\/"}]}},"_links":{"self":[{"href":"https:\/\/recoletasmarbella.com\/de\/wp-json\/wp\/v2\/posts\/292433","targetHints":{"allow":["GET"]}}],"collection":[{"href":"https:\/\/recoletasmarbella.com\/de\/wp-json\/wp\/v2\/posts"}],"about":[{"href":"https:\/\/recoletasmarbella.com\/de\/wp-json\/wp\/v2\/types\/post"}],"author":[{"embeddable":true,"href":"https:\/\/recoletasmarbella.com\/de\/wp-json\/wp\/v2\/users\/3"}],"replies":[{"embeddable":true,"href":"https:\/\/recoletasmarbella.com\/de\/wp-json\/wp\/v2\/comments?post=292433"}],"version-history":[{"count":1,"href":"https:\/\/recoletasmarbella.com\/de\/wp-json\/wp\/v2\/posts\/292433\/revisions"}],"predecessor-version":[{"id":292435,"href":"https:\/\/recoletasmarbella.com\/de\/wp-json\/wp\/v2\/posts\/292433\/revisions\/292435"}],"wp:featuredmedia":[{"embeddable":true,"href":"https:\/\/recoletasmarbella.com\/de\/wp-json\/wp\/v2\/media\/292434"}],"wp:attachment":[{"href":"https:\/\/recoletasmarbella.com\/de\/wp-json\/wp\/v2\/media?parent=292433"}],"wp:term":[{"taxonomy":"category","embeddable":true,"href":"https:\/\/recoletasmarbella.com\/de\/wp-json\/wp\/v2\/categories?post=292433"},{"taxonomy":"post_tag","embeddable":true,"href":"https:\/\/recoletasmarbella.com\/de\/wp-json\/wp\/v2\/tags?post=292433"}],"curies":[{"name":"wp","href":"https:\/\/api.w.org\/{rel}","templated":true}]}}