{"id":292433,"date":"2026-02-13T15:01:33","date_gmt":"2026-02-13T15:01:33","guid":{"rendered":"https:\/\/recoletasmarbella.com\/?p=292433"},"modified":"2026-02-16T10:50:46","modified_gmt":"2026-02-16T10:50:46","slug":"new-art-exhibition","status":"publish","type":"post","link":"https:\/\/recoletasmarbella.com\/en\/new-art-exhibition\/","title":{"rendered":"New art exhibition at the Hospital Recoletas Salud Marbella"},"content":{"rendered":"<h2><strong><em>Thirteen works by the painter Alejandro Hermann<\/em><\/strong><\/h2>\n<h2><strong><em>In collaboration with the [H]ARTE Foundation to improve the hospital stay of their patients<\/em><\/strong><\/h2>\n<p>Since yesterday evening, the Recoletas Salud Hospital in Marbella has been hosting an exhibition by the Argentinian artist Alejandro Hermann, who has been living in Marbella for more than three decades.<\/p>\n<p>With the common goal of humanising hospital spaces and progressively turning them into more welcoming and comfortable places, Recoletas Salud Marbella in collaboration with the [H]ARTE Foundation is organising this second exhibition (the first was that of the artist Hubertus de Holenhoe), consisting of eleven paintings selected by the artist himself for this exhibition, which are distributed throughout the common areas of the hospital for the enjoyment of patients and workers.<\/p>\n<p>At the opening of the exhibition, Carmen Rodr\u00edguez, manager of Recoletas Salud Marbella, welcomed this initiative which aims to ensure that patients who come to the hospital enjoy a friendlier, warmer and much better stay.<\/p>\n<p><em>\"For Recoletas Salud Marbella this initiative is a great success that highlights our desire to be much more than a hospital that provides health and wellness. We also want to bring art closer to our patients, to promote culture and knowledge.<\/em>\"said Carmen Rodr\u00edguez.<\/p>\n<p>Improving patients' hospital experience, enhancing their well-being and enriching their lives is also the main goal of the [H]ARTE Foundation. Tamara Kreisler, who has more than 25 years of experience in the art world, is the president of this foundation. <em>\"There is evidence of the therapeutic effect of art on people. The World Health Organisation itself highlights the role of art in reducing stress, tension, anxiety, etc. in patients.<\/em>\"he stressed.<\/p>\n<p>Both Carmen Rodr\u00edguez and Kreisler emphasised the good fortune of being able to have the artist Alejando Hermann in this exhibition, whose works have been visited collectively, privately and individually in different parts of Spain and Europe.<\/p>\n<p>For over 40 years, Hermann has explored a wide range of styles, subjects, materials and techniques, from figurative painting to the most intimate abstraction, inviting the viewer to an experience of emotional and spiritual introspection. His art seeks to inspire thought, evoking inner states of peace, balance and reflection.<\/p>\n<p><strong>*The exhibition will be on view for the next four months.<\/strong><\/p>\n<p><strong>*Hospital Recoletas Salud Marbella (c\/ Maestra Do\u00f1a Carola, 8. Marbella) <\/strong><\/p>\n<p>&nbsp;<\/p>\n<h2><strong><u>About Recoletas Health<\/u><\/strong><\/h2>\n<p>With 37 years of experience in the health sector in Spain, Recoletas Salud is present in Burgos, C\u00e1diz, Cuenca, C\u00f3rdoba, Marbella, Murcia, Ourense, Palencia, Ponferrada, Salamanca, Santander, Segovia, Seville, Valladolid, Zamora and Zaragoza.<\/p>\n<p>The Recoletas Salud project is distinguished by the fact that all its hospitals and medical centres, Diagnostic Imaging centres, reproductive medicine clinics, and specialised medical institutes are equipped with the best medical equipment and the latest healthcare technology, the most advanced and intelligent in the sector.<\/p>\n<p>&nbsp;<\/p>\n<h2><strong><u>About [H]ARTE Foundation<\/u><\/strong><\/h2>\n<p>The [H]ARTE Foundation organises temporary art exhibitions and creates solidarity murals in spaces where people in vulnerable situations are found, such as hospitals, primary care centres and nursing homes. Its goal is to enable all those who spend time there\u2014patients, family members, and healthcare workers\u2014to escape and be inspired by the artistic value of each piece during their healing process, both physically and emotionally.<\/p>\n<p>This is the first Spanish organisation to implement this type of activity in our country, following the success of similar initiatives in countries such as the United States and the United Kingdom, with excellent results for both patients and hospital staff.<\/p>","protected":false},"excerpt":{"rendered":"<p>Trece obras del pintor Alejandro Hermann En colaboraci\u00f3n con la Fundaci\u00f3n [H]ARTE para mejorar la estancia hospitalaria de sus pacientes El Hospital Recoletas Salud de Marbella acoge desde ayer tarde una exposici\u00f3n del artista argentino y residente en Marbella desde hace m\u00e1s de tres d\u00e9cadas, Alejandro Hermann. Con el objetivo com\u00fan de humanizar los espacios [&hellip;]<\/p>","protected":false},"author":3,"featured_media":292434,"comment_status":"open","ping_status":"closed","sticky":false,"template":"","format":"standard","meta":{"_et_pb_use_builder":"off","_et_pb_old_content":"","_et_gb_content_width":"","footnotes":""},"categories":[26],"tags":[33,32,28,36],"class_list":["post-292433","post","type-post","status-publish","format-standard","has-post-thumbnail","hentry","category-actividades-del-centro","tag-eventos","tag-fundacion-harte","tag-noticias","tag-recoletas"],"yoast_head":"<!-- This site is optimized with the Yoast SEO plugin v26.1.1 - https:\/\/yoast.com\/wordpress\/plugins\/seo\/ -->\n<title>Nueva exposici\u00f3n art\u00edstica en el Hospital Recoletas Salud Marbella - Hospital Marbella<\/title>\n<meta name=\"description\" content=\"El Hospital Recoletas Salud de Marbella acoge desde ayer tarde una exposici\u00f3n del artista argentino y residente en Marbella desde hace m\u00e1s de tres d\u00e9cadas, Alejandro Hermann.\" \/>\n<meta name=\"robots\" content=\"index, follow, max-snippet:-1, max-image-preview:large, max-video-preview:-1\" \/>\n<link rel=\"canonical\" href=\"https:\/\/recoletasmarbella.com\/en\/new-art-exhibition\/\" \/>\n<meta property=\"og:locale\" content=\"en_GB\" \/>\n<meta property=\"og:type\" content=\"article\" \/>\n<meta property=\"og:title\" content=\"Nueva exposici\u00f3n art\u00edstica en el Hospital Recoletas Salud Marbella - Hospital Marbella\" \/>\n<meta property=\"og:description\" content=\"El Hospital Recoletas Salud de Marbella acoge desde ayer tarde una exposici\u00f3n del artista argentino y residente en Marbella desde hace m\u00e1s de tres d\u00e9cadas, Alejandro Hermann.\" \/>\n<meta property=\"og:url\" content=\"https:\/\/recoletasmarbella.com\/en\/new-art-exhibition\/\" \/>\n<meta property=\"og:site_name\" content=\"Hospital Marbella\" \/>\n<meta property=\"article:publisher\" content=\"https:\/\/www.facebook.com\/people\/Recoletas-Salud-Marbella\/61573653462220\/\" \/>\n<meta property=\"article:published_time\" content=\"2026-02-13T15:01:33+00:00\" \/>\n<meta property=\"article:modified_time\" content=\"2026-02-16T10:50:46+00:00\" \/>\n<meta property=\"og:image\" content=\"http:\/\/recoletasmarbella.com\/wp-content\/uploads\/2026\/02\/Nueva-exposicion-artistica-en-el-Hospital-Recoletas-Salud-Marbella.png\" \/>\n\t<meta property=\"og:image:width\" content=\"1366\" \/>\n\t<meta property=\"og:image:height\" content=\"768\" \/>\n\t<meta property=\"og:image:type\" content=\"image\/png\" \/>\n<meta name=\"author\" content=\"Marketing Recoletas\" \/>\n<meta name=\"twitter:card\" content=\"summary_large_image\" \/>\n<meta name=\"twitter:label1\" content=\"Written by\" \/>\n\t<meta name=\"twitter:data1\" content=\"Marketing Recoletas\" \/>\n\t<meta name=\"twitter:label2\" content=\"Estimated reading time\" \/>\n\t<meta name=\"twitter:data2\" content=\"3 minutes\" \/>\n<script type=\"application\/ld+json\" class=\"yoast-schema-graph\">{\"@context\":\"https:\/\/schema.org\",\"@graph\":[{\"@type\":\"Article\",\"@id\":\"https:\/\/recoletasmarbella.com\/nueva-exposicion-artistica\/#article\",\"isPartOf\":{\"@id\":\"https:\/\/recoletasmarbella.com\/nueva-exposicion-artistica\/\"},\"author\":{\"name\":\"Marketing Recoletas\",\"@id\":\"https:\/\/recoletasmarbella.com\/es\/#\/schema\/person\/3b21fa84f38da692a4e0fc02e4013aff\"},\"headline\":\"Nueva exposici\u00f3n art\u00edstica en el Hospital Recoletas Salud Marbella\",\"datePublished\":\"2026-02-13T15:01:33+00:00\",\"dateModified\":\"2026-02-16T10:50:46+00:00\",\"mainEntityOfPage\":{\"@id\":\"https:\/\/recoletasmarbella.com\/nueva-exposicion-artistica\/\"},\"wordCount\":668,\"commentCount\":0,\"publisher\":{\"@id\":\"https:\/\/recoletasmarbella.com\/es\/#organization\"},\"image\":{\"@id\":\"https:\/\/recoletasmarbella.com\/nueva-exposicion-artistica\/#primaryimage\"},\"thumbnailUrl\":\"https:\/\/recoletasmarbella.com\/wp-content\/uploads\/2026\/02\/Nueva-exposicion-artistica-en-el-Hospital-Recoletas-Salud-Marbella.png\",\"keywords\":[\"Eventos\",\"fundaci\u00f3n [H]ARTE\",\"noticias\",\"recoletas\"],\"articleSection\":[\"Actividades del centro\"],\"inLanguage\":\"en-GB\",\"potentialAction\":[{\"@type\":\"CommentAction\",\"name\":\"Comment\",\"target\":[\"https:\/\/recoletasmarbella.com\/nueva-exposicion-artistica\/#respond\"]}]},{\"@type\":\"WebPage\",\"@id\":\"https:\/\/recoletasmarbella.com\/nueva-exposicion-artistica\/\",\"url\":\"https:\/\/recoletasmarbella.com\/nueva-exposicion-artistica\/\",\"name\":\"Nueva exposici\u00f3n art\u00edstica en el Hospital Recoletas Salud Marbella - Hospital Marbella\",\"isPartOf\":{\"@id\":\"https:\/\/recoletasmarbella.com\/es\/#website\"},\"primaryImageOfPage\":{\"@id\":\"https:\/\/recoletasmarbella.com\/nueva-exposicion-artistica\/#primaryimage\"},\"image\":{\"@id\":\"https:\/\/recoletasmarbella.com\/nueva-exposicion-artistica\/#primaryimage\"},\"thumbnailUrl\":\"https:\/\/recoletasmarbella.com\/wp-content\/uploads\/2026\/02\/Nueva-exposicion-artistica-en-el-Hospital-Recoletas-Salud-Marbella.png\",\"datePublished\":\"2026-02-13T15:01:33+00:00\",\"dateModified\":\"2026-02-16T10:50:46+00:00\",\"description\":\"El Hospital Recoletas Salud de Marbella acoge desde ayer tarde una exposici\u00f3n del artista argentino y residente en Marbella desde hace m\u00e1s de tres d\u00e9cadas, Alejandro Hermann.\",\"breadcrumb\":{\"@id\":\"https:\/\/recoletasmarbella.com\/nueva-exposicion-artistica\/#breadcrumb\"},\"inLanguage\":\"en-GB\",\"potentialAction\":[{\"@type\":\"ReadAction\",\"target\":[\"https:\/\/recoletasmarbella.com\/nueva-exposicion-artistica\/\"]}]},{\"@type\":\"ImageObject\",\"inLanguage\":\"en-GB\",\"@id\":\"https:\/\/recoletasmarbella.com\/nueva-exposicion-artistica\/#primaryimage\",\"url\":\"https:\/\/recoletasmarbella.com\/wp-content\/uploads\/2026\/02\/Nueva-exposicion-artistica-en-el-Hospital-Recoletas-Salud-Marbella.png\",\"contentUrl\":\"https:\/\/recoletasmarbella.com\/wp-content\/uploads\/2026\/02\/Nueva-exposicion-artistica-en-el-Hospital-Recoletas-Salud-Marbella.png\",\"width\":1366,\"height\":768,\"caption\":\"Nueva exposici\u00f3n art\u00edstica en el Hospital Recoletas Salud Marbella\"},{\"@type\":\"BreadcrumbList\",\"@id\":\"https:\/\/recoletasmarbella.com\/nueva-exposicion-artistica\/#breadcrumb\",\"itemListElement\":[{\"@type\":\"ListItem\",\"position\":1,\"name\":\"Portada\",\"item\":\"https:\/\/recoletasmarbella.com\/es\/\"},{\"@type\":\"ListItem\",\"position\":2,\"name\":\"Nueva exposici\u00f3n art\u00edstica en el Hospital Recoletas Salud Marbella\"}]},{\"@type\":\"WebSite\",\"@id\":\"https:\/\/recoletasmarbella.com\/es\/#website\",\"url\":\"https:\/\/recoletasmarbella.com\/es\/\",\"name\":\"Hospital Recoletas Salud Marbella\",\"description\":\"Recoletas Salud\",\"publisher\":{\"@id\":\"https:\/\/recoletasmarbella.com\/es\/#organization\"},\"potentialAction\":[{\"@type\":\"SearchAction\",\"target\":{\"@type\":\"EntryPoint\",\"urlTemplate\":\"https:\/\/recoletasmarbella.com\/es\/?s={search_term_string}\"},\"query-input\":{\"@type\":\"PropertyValueSpecification\",\"valueRequired\":true,\"valueName\":\"search_term_string\"}}],\"inLanguage\":\"en-GB\"},{\"@type\":\"Organization\",\"@id\":\"https:\/\/recoletasmarbella.com\/es\/#organization\",\"name\":\"Grupo Recoletas\",\"url\":\"https:\/\/recoletasmarbella.com\/es\/\",\"logo\":{\"@type\":\"ImageObject\",\"inLanguage\":\"en-GB\",\"@id\":\"https:\/\/recoletasmarbella.com\/es\/#\/schema\/logo\/image\/\",\"url\":\"http:\/\/recoletasmarbella.com\/wp-content\/uploads\/2025\/01\/logo-v-hospital-marbella-1.png\",\"contentUrl\":\"http:\/\/recoletasmarbella.com\/wp-content\/uploads\/2025\/01\/logo-v-hospital-marbella-1.png\",\"width\":216,\"height\":164,\"caption\":\"Grupo Recoletas\"},\"image\":{\"@id\":\"https:\/\/recoletasmarbella.com\/es\/#\/schema\/logo\/image\/\"},\"sameAs\":[\"https:\/\/www.facebook.com\/people\/Recoletas-Salud-Marbella\/61573653462220\/\",\"https:\/\/www.instagram.com\/recoletassaludmarbella\/\",\"https:\/\/www.linkedin.com\/company\/recoletas-salud-marbella\",\"https:\/\/www.youtube.com\/@recoletassalud\"]},{\"@type\":\"Person\",\"@id\":\"https:\/\/recoletasmarbella.com\/es\/#\/schema\/person\/3b21fa84f38da692a4e0fc02e4013aff\",\"name\":\"Marketing Recoletas\",\"image\":{\"@type\":\"ImageObject\",\"inLanguage\":\"en-GB\",\"@id\":\"https:\/\/recoletasmarbella.com\/es\/#\/schema\/person\/image\/\",\"url\":\"https:\/\/secure.gravatar.com\/avatar\/4199347ab14abe9709bf9ad4aec31b390e990cc5e81f7c6f88f680475de1932c?s=96&d=mm&r=g\",\"contentUrl\":\"https:\/\/secure.gravatar.com\/avatar\/4199347ab14abe9709bf9ad4aec31b390e990cc5e81f7c6f88f680475de1932c?s=96&d=mm&r=g\",\"caption\":\"Marketing Recoletas\"},\"url\":\"https:\/\/recoletasmarbella.com\/en\/author\/marketing\/\"}]}<\/script>\n<!-- \/ Yoast SEO plugin. -->","yoast_head_json":{"title":"New art exhibition at Recoletas Salud Marbella Hospital - Hospital Marbella","description":"Since yesterday evening, the Recoletas Salud Hospital in Marbella has been hosting an exhibition by the Argentinian artist Alejandro Hermann, who has been living in Marbella for more than three decades.","robots":{"index":"index","follow":"follow","max-snippet":"max-snippet:-1","max-image-preview":"max-image-preview:large","max-video-preview":"max-video-preview:-1"},"canonical":"https:\/\/recoletasmarbella.com\/en\/new-art-exhibition\/","og_locale":"en_GB","og_type":"article","og_title":"Nueva exposici\u00f3n art\u00edstica en el Hospital Recoletas Salud Marbella - Hospital Marbella","og_description":"El Hospital Recoletas Salud de Marbella acoge desde ayer tarde una exposici\u00f3n del artista argentino y residente en Marbella desde hace m\u00e1s de tres d\u00e9cadas, Alejandro Hermann.","og_url":"https:\/\/recoletasmarbella.com\/en\/new-art-exhibition\/","og_site_name":"Hospital Marbella","article_publisher":"https:\/\/www.facebook.com\/people\/Recoletas-Salud-Marbella\/61573653462220\/","article_published_time":"2026-02-13T15:01:33+00:00","article_modified_time":"2026-02-16T10:50:46+00:00","og_image":[{"width":1366,"height":768,"url":"http:\/\/recoletasmarbella.com\/wp-content\/uploads\/2026\/02\/Nueva-exposicion-artistica-en-el-Hospital-Recoletas-Salud-Marbella.png","type":"image\/png"}],"author":"Marketing Recoletas","twitter_card":"summary_large_image","twitter_misc":{"Written by":"Marketing Recoletas","Estimated reading time":"3 minutes"},"schema":{"@context":"https:\/\/schema.org","@graph":[{"@type":"Article","@id":"https:\/\/recoletasmarbella.com\/nueva-exposicion-artistica\/#article","isPartOf":{"@id":"https:\/\/recoletasmarbella.com\/nueva-exposicion-artistica\/"},"author":{"name":"Marketing Recoletas","@id":"https:\/\/recoletasmarbella.com\/es\/#\/schema\/person\/3b21fa84f38da692a4e0fc02e4013aff"},"headline":"Nueva exposici\u00f3n art\u00edstica en el Hospital Recoletas Salud Marbella","datePublished":"2026-02-13T15:01:33+00:00","dateModified":"2026-02-16T10:50:46+00:00","mainEntityOfPage":{"@id":"https:\/\/recoletasmarbella.com\/nueva-exposicion-artistica\/"},"wordCount":668,"commentCount":0,"publisher":{"@id":"https:\/\/recoletasmarbella.com\/es\/#organization"},"image":{"@id":"https:\/\/recoletasmarbella.com\/nueva-exposicion-artistica\/#primaryimage"},"thumbnailUrl":"https:\/\/recoletasmarbella.com\/wp-content\/uploads\/2026\/02\/Nueva-exposicion-artistica-en-el-Hospital-Recoletas-Salud-Marbella.png","keywords":["Eventos","fundaci\u00f3n [H]ARTE","noticias","recoletas"],"articleSection":["Actividades del centro"],"inLanguage":"en-GB","potentialAction":[{"@type":"CommentAction","name":"Comment","target":["https:\/\/recoletasmarbella.com\/nueva-exposicion-artistica\/#respond"]}]},{"@type":"WebPage","@id":"https:\/\/recoletasmarbella.com\/nueva-exposicion-artistica\/","url":"https:\/\/recoletasmarbella.com\/nueva-exposicion-artistica\/","name":"New art exhibition at Recoletas Salud Marbella Hospital - Hospital Marbella","isPartOf":{"@id":"https:\/\/recoletasmarbella.com\/es\/#website"},"primaryImageOfPage":{"@id":"https:\/\/recoletasmarbella.com\/nueva-exposicion-artistica\/#primaryimage"},"image":{"@id":"https:\/\/recoletasmarbella.com\/nueva-exposicion-artistica\/#primaryimage"},"thumbnailUrl":"https:\/\/recoletasmarbella.com\/wp-content\/uploads\/2026\/02\/Nueva-exposicion-artistica-en-el-Hospital-Recoletas-Salud-Marbella.png","datePublished":"2026-02-13T15:01:33+00:00","dateModified":"2026-02-16T10:50:46+00:00","description":"Since yesterday evening, the Recoletas Salud Hospital in Marbella has been hosting an exhibition by the Argentinian artist Alejandro Hermann, who has been living in Marbella for more than three decades.","breadcrumb":{"@id":"https:\/\/recoletasmarbella.com\/nueva-exposicion-artistica\/#breadcrumb"},"inLanguage":"en-GB","potentialAction":[{"@type":"ReadAction","target":["https:\/\/recoletasmarbella.com\/nueva-exposicion-artistica\/"]}]},{"@type":"ImageObject","inLanguage":"en-GB","@id":"https:\/\/recoletasmarbella.com\/nueva-exposicion-artistica\/#primaryimage","url":"https:\/\/recoletasmarbella.com\/wp-content\/uploads\/2026\/02\/Nueva-exposicion-artistica-en-el-Hospital-Recoletas-Salud-Marbella.png","contentUrl":"https:\/\/recoletasmarbella.com\/wp-content\/uploads\/2026\/02\/Nueva-exposicion-artistica-en-el-Hospital-Recoletas-Salud-Marbella.png","width":1366,"height":768,"caption":"Nueva exposici\u00f3n art\u00edstica en el Hospital Recoletas Salud Marbella"},{"@type":"BreadcrumbList","@id":"https:\/\/recoletasmarbella.com\/nueva-exposicion-artistica\/#breadcrumb","itemListElement":[{"@type":"ListItem","position":1,"name":"Portada","item":"https:\/\/recoletasmarbella.com\/es\/"},{"@type":"ListItem","position":2,"name":"Nueva exposici\u00f3n art\u00edstica en el Hospital Recoletas Salud Marbella"}]},{"@type":"WebSite","@id":"https:\/\/recoletasmarbella.com\/es\/#website","url":"https:\/\/recoletasmarbella.com\/es\/","name":"Hospital Recoletas Salud Marbella","description":"Salud Recoletas","publisher":{"@id":"https:\/\/recoletasmarbella.com\/es\/#organization"},"potentialAction":[{"@type":"SearchAction","target":{"@type":"EntryPoint","urlTemplate":"https:\/\/recoletasmarbella.com\/es\/?s={search_term_string}"},"query-input":{"@type":"PropertyValueSpecification","valueRequired":true,"valueName":"search_term_string"}}],"inLanguage":"en-GB"},{"@type":"Organization","@id":"https:\/\/recoletasmarbella.com\/es\/#organization","name":"Recoletas Group","url":"https:\/\/recoletasmarbella.com\/es\/","logo":{"@type":"ImageObject","inLanguage":"en-GB","@id":"https:\/\/recoletasmarbella.com\/es\/#\/schema\/logo\/image\/","url":"http:\/\/recoletasmarbella.com\/wp-content\/uploads\/2025\/01\/logo-v-hospital-marbella-1.png","contentUrl":"http:\/\/recoletasmarbella.com\/wp-content\/uploads\/2025\/01\/logo-v-hospital-marbella-1.png","width":216,"height":164,"caption":"Grupo Recoletas"},"image":{"@id":"https:\/\/recoletasmarbella.com\/es\/#\/schema\/logo\/image\/"},"sameAs":["https:\/\/www.facebook.com\/people\/Recoletas-Salud-Marbella\/61573653462220\/","https:\/\/www.instagram.com\/recoletassaludmarbella\/","https:\/\/www.linkedin.com\/company\/recoletas-salud-marbella","https:\/\/www.youtube.com\/@recoletassalud"]},{"@type":"Person","@id":"https:\/\/recoletasmarbella.com\/es\/#\/schema\/person\/3b21fa84f38da692a4e0fc02e4013aff","name":"Marketing Recoletas","image":{"@type":"ImageObject","inLanguage":"en-GB","@id":"https:\/\/recoletasmarbella.com\/es\/#\/schema\/person\/image\/","url":"https:\/\/secure.gravatar.com\/avatar\/4199347ab14abe9709bf9ad4aec31b390e990cc5e81f7c6f88f680475de1932c?s=96&d=mm&r=g","contentUrl":"https:\/\/secure.gravatar.com\/avatar\/4199347ab14abe9709bf9ad4aec31b390e990cc5e81f7c6f88f680475de1932c?s=96&d=mm&r=g","caption":"Marketing Recoletas"},"url":"https:\/\/recoletasmarbella.com\/en\/author\/marketing\/"}]}},"_links":{"self":[{"href":"https:\/\/recoletasmarbella.com\/en\/wp-json\/wp\/v2\/posts\/292433","targetHints":{"allow":["GET"]}}],"collection":[{"href":"https:\/\/recoletasmarbella.com\/en\/wp-json\/wp\/v2\/posts"}],"about":[{"href":"https:\/\/recoletasmarbella.com\/en\/wp-json\/wp\/v2\/types\/post"}],"author":[{"embeddable":true,"href":"https:\/\/recoletasmarbella.com\/en\/wp-json\/wp\/v2\/users\/3"}],"replies":[{"embeddable":true,"href":"https:\/\/recoletasmarbella.com\/en\/wp-json\/wp\/v2\/comments?post=292433"}],"version-history":[{"count":1,"href":"https:\/\/recoletasmarbella.com\/en\/wp-json\/wp\/v2\/posts\/292433\/revisions"}],"predecessor-version":[{"id":292435,"href":"https:\/\/recoletasmarbella.com\/en\/wp-json\/wp\/v2\/posts\/292433\/revisions\/292435"}],"wp:featuredmedia":[{"embeddable":true,"href":"https:\/\/recoletasmarbella.com\/en\/wp-json\/wp\/v2\/media\/292434"}],"wp:attachment":[{"href":"https:\/\/recoletasmarbella.com\/en\/wp-json\/wp\/v2\/media?parent=292433"}],"wp:term":[{"taxonomy":"category","embeddable":true,"href":"https:\/\/recoletasmarbella.com\/en\/wp-json\/wp\/v2\/categories?post=292433"},{"taxonomy":"post_tag","embeddable":true,"href":"https:\/\/recoletasmarbella.com\/en\/wp-json\/wp\/v2\/tags?post=292433"}],"curies":[{"name":"wp","href":"https:\/\/api.w.org\/{rel}","templated":true}]}}