{"id":291723,"date":"2025-06-17T08:22:34","date_gmt":"2025-06-17T08:22:34","guid":{"rendered":"https:\/\/recoletasmarbella.com\/?p=291723"},"modified":"2025-06-17T08:22:40","modified_gmt":"2025-06-17T08:22:40","slug":"recoletas-salud-partner-de-starlite-occident","status":"publish","type":"post","link":"https:\/\/recoletasmarbella.com\/es\/recoletas-salud-partner-de-starlite-occident\/","title":{"rendered":"Vivir mejor y m\u00e1s felices, objetivo de Recoletas Salud, nuevo \u2018partner\u2019 de Starlite Occident"},"content":{"rendered":"<p>[et_pb_section fb_built=\u00bb1&#8243; _builder_version=\u00bb4.16&#8243; custom_padding=\u00bb38px|||||\u00bb global_colors_info=\u00bb{}\u00bb][et_pb_row _builder_version=\u00bb4.16&#8243; background_size=\u00bbinitial\u00bb background_position=\u00bbtop_left\u00bb background_repeat=\u00bbrepeat\u00bb custom_padding=\u00bb2px|||||\u00bb global_colors_info=\u00bb{}\u00bb][et_pb_column type=\u00bb4_4&#8243; _builder_version=\u00bb4.16&#8243; custom_padding=\u00bb|||\u00bb global_colors_info=\u00bb{}\u00bb custom_padding__hover=\u00bb|||\u00bb][et_pb_text _builder_version=\u00bb4.27.4&#8243; header_2_font_size=\u00bb19px\u00bb header_2_letter_spacing=\u00bb0px\u00bb background_size=\u00bbinitial\u00bb background_position=\u00bbtop_left\u00bb background_repeat=\u00bbrepeat\u00bb text_orientation=\u00bbjustified\u00bb custom_margin=\u00bb1px||||false|false\u00bb custom_padding=\u00bb|0px||||\u00bb hover_enabled=\u00bb0&#8243; global_colors_info=\u00bb{}\u00bb sticky_enabled=\u00bb0&#8243;]<\/p>\n<p>Atender a las personas cuando lo necesitan y favorecer que \u201cvivan m\u00e1s, mejor y m\u00e1s felices\u201d es uno de los objetivos prioritarios del Grupo Recoletas Salud, una entidad con m\u00e1s de 35 a\u00f1os de experiencia en el sector sanitario, que acaba de incorporarse como \u2018partner\u2019 al universo del festival Starlite Occident.<\/p>\n<p>Este grupo hospitalario -un referente en el \u00e1mbito de la salud y el bienestar, que se ha instalado recientemente en Marbella, en el marco de su proceso de expansi\u00f3n en el sur de Espa\u00f1a- y Starlite Occident -un referente en el mundo de la m\u00fasica y el ocio a nivel internacional, cuya imagen est\u00e1 estrechamente ligada a la de la ciudad que lo vio nacer- convergen en este punto.<\/p>\n<p>\u201cCuidar de los pacientes -de su salud f\u00edsica, pero tambi\u00e9n an\u00edmica-, escucharlos, mimarlos y dedicarles el tiempo que necesiten\u201d y por supuesto, \u201cofrecerles una atenci\u00f3n de primera\u201d es fundamental para Recoletas Salud, explica a EFE la directora gerente del hospital marbell\u00ed, Carmen Rodr\u00edguez Berm\u00fadez.<\/p>\n<p>En este contexto no han dudado en firmar un acuerdo de colaboraci\u00f3n con Starlite Occident ya que sus valores coinciden en muchos aspectos con los del festival, sobre todo, en lo que a hacer m\u00e1s felices a las personas se refiere, precisa Carmen Rodr\u00edguez.<\/p>\n<p>Adem\u00e1s del hospital Recoletas Salud Marbella, Recoletas cuenta ahora mismo con hospitales en los que se trata cualquier tipo de patolog\u00eda y en los que se ofrecen todas las especialidades en Valladolid, Burgos, Zamora, Palencia, Segovia, Ponferrada, Salamanca (en fase de construcci\u00f3n), Cuenca, Ourense, C\u00e1diz y C\u00f3rdoba.\u00a0 Cuenta tambi\u00e9n con una treintena de centros m\u00e9dicos y numerosos centros de Diagn\u00f3stico por la Imagen. Adem\u00e1s, est\u00e1 presente en Murcia, Zaragoza, Sevilla, Santander y Pamplona con sus cl\u00ednicas de medicina reproductiva, Vida.<\/p>\n<p>&nbsp;<\/p>\n<h2>La tecnolog\u00eda, denominador com\u00fan<\/h2>\n<p>En todos los centros del Recoletas Salud est\u00e1 muy presente la tecnolog\u00eda y la direcci\u00f3n del grupo se esfuerza por estar a la vanguardia en el mundo de la salud, manteniendo una apuesta decidida por los avances tecnol\u00f3gicos, tal y como han hecho desde sus or\u00edgenes.<\/p>\n<p>La decisi\u00f3n de abrir en Marbella est\u00e1 directamente relacionada con el hecho de que \u00abel modelo de trabajo y la forma de hacer las cosas\u201d de este grupo hospitalario se ajusta perfectamente a la idiosincrasia de esta ciudad, \u201cuna de las principales de Andaluc\u00eda\u201d, apunta Carmen Rodr\u00edguez.<\/p>\n<p>Y presentarse en la capital de la \u2018jet set\u2019 de la mano de Starlite Occident es \u201cuna oportunidad \u00fanica\u201d que no pod\u00edan dejar escapar porque \u201cMarbella en Starlite y Starlite es Marbella\u201d, sentencia.<\/p>\n<p>As\u00ed, el de la Costa del Sol es su primer \u2018hospital boutique\u2019 -comenta la directora gerente del centro- y est\u00e1 muy enfocado a la mujer, a la actividad quir\u00fargica y a la prevenci\u00f3n porque -recalca- el paciente actual viene cada vez m\u00e1s a prevenir la enfermedad\u201d.<\/p>\n<p>Desde Recoletas Salud trabajan para que el paciente se cuide y \u201cno hay mejor cuidado que estar con familia y amigos disfrutando de un buen momento\u201d, dice Carmen Rodr\u00edguez, que incide en que escuchar m\u00fasica, asistir a un buen concierto y estar bien contigo mismo \u201cayuda a cuidar la salud\u201d.<\/p>\n<p>&nbsp;<\/p>\n<h2>Una alianza de futuro<\/h2>\n<p>Este a\u00f1o es el primero en el que colaboran ambas entidades, cada una de ellas un modelo de \u00e9xito en su sector, pero \u201cno ser\u00e1 el \u00fanico\u201d, destaca la directora gerente del hospital marbell\u00ed, porque esta estrat\u00e9gica alianza ha nacido con vocaci\u00f3n de futuro y el acuerdo ha llegado para quedarse.<\/p>\n<p>En esto tambi\u00e9n coincide con la cofundadora y presidenta ejecutiva del Grupo Starlite, Sandra Garc\u00eda-Sanju\u00e1n, que se muestra muy satisfecha de contar con el Grupo Recoletas Salud como nuevos compa\u00f1eros de viaje.<\/p>\n<p>\u201cAcabamos de conocernos y la relaci\u00f3n est\u00e1 en sus comienzos\u201d, ha se\u00f1alado la m\u00e1xima responsable del festival Starlite Occident, que se ha mostrado convencida de que este es solo el principio de una estrecha y fruct\u00edfera colaboraci\u00f3n.<\/p>\n<p>\u201cLa uni\u00f3n hace la fuerza, y juntos seremos a\u00fan mejores\u201d, ha comentado al respecto Sandra Garc\u00eda-Sanju\u00e1n, cuando el Starlite Occident acaba de arrancar la temporada estival.<\/p>\n<p>Con meses de conciertos por delante, son muchas las sorpresas con las que la cofundadora del festival espera sorprender al p\u00fablico que acuda este a\u00f1o a La Cantera de Nag\u00fceles, en la que actuar\u00e1n Marc Anthony, Raphael, Nathy Peluso, Europe o Will Smith, entre otros artistas.<\/p>\n<p>[\/et_pb_text][\/et_pb_column][\/et_pb_row][\/et_pb_section]<\/p>\n","protected":false},"excerpt":{"rendered":"<p>Atender a las personas cuando lo necesitan y favorecer que \u201cvivan m\u00e1s, mejor y m\u00e1s felices\u201d es uno de los objetivos prioritarios del Grupo Recoletas Salud, una entidad con m\u00e1s de 35 a\u00f1os de experiencia en el sector sanitario, que acaba de incorporarse como \u2018partner\u2019 al universo del festival Starlite Occident. Este grupo hospitalario -un [&hellip;]<\/p>\n","protected":false},"author":3,"featured_media":291724,"comment_status":"open","ping_status":"closed","sticky":false,"template":"","format":"standard","meta":{"_et_pb_use_builder":"on","_et_pb_old_content":"<!-- wp:paragraph -->\r\n<figure class=\"wp-block-image size-full\">\r\n<p>\u00a0<\/p>\r\n<p><img class=\"alignnone size-full wp-image-290984\" src=\"http:\/\/recoletasmarbella.com\/wp-content\/uploads\/2025\/04\/RECONOCIMIENTO-HEALTH-CHOICE-RECOLETAS-SALUD.png\" alt=\"\" width=\"1366\" height=\"768\" \/><\/p>\r\n<p>\u00a0<\/p>\r\n<p>Recoletas Salud ha participado en Marbella en una nueva edici\u00f3n del Congreso Mundial de Turismo de Salud WHTC, un evento anual internacional que desde hace catorce a\u00f1os promueve el desarrollo continuo del sector del Turismo de Salud.<\/p>\r\n<p>A lo largo del congreso se han sucedido diferentes conferencias sobre telemedicina, la \u00faltima tecnolog\u00eda sanitaria, las t\u00e9cnicas quir\u00fargicas, la experiencia del paciente internacional y otros desaf\u00edos y avances en la industria a cargo de profesionales de renombre internacional.<\/p>\r\n<h4 id=\"h-recoletas-salud\" class=\"wp-block-heading\"><strong><u>Recoletas Salud<\/u><\/strong><\/h4>\r\n<p>Con una trayectoria de 36 a\u00f1os dentro del sector de la salud en Espa\u00f1a, Recoletas Salud est\u00e1 presente en Castilla y Le\u00f3n, -en donde lidera la sanidad privada-, en Castilla La Mancha, Galicia, Arag\u00f3n, Murcia y Cantabria.<\/p>\r\n<p>Hace meses inici\u00f3 su expansi\u00f3n en el sur de Espa\u00f1a en donde recientemente ha incorporado a su proyecto un hospital en Marbella y un hospital en C\u00e1diz, el hospital Recoletas Salud L\u00f3pez Cano. Tambi\u00e9n tiene una cl\u00ednica de medicina reproductiva en Sevilla.<\/p>\r\n<p>El proyecto de Recoletas Salud se ha distinguido siempre por contar en todos sus hospitales y centros con los mejores equipos m\u00e9dicos y la \u00faltima tecnolog\u00eda sanitaria, la m\u00e1s avanzada e inteligente del sector.<\/p>\r\n<p>Precisamente, su experiencia y su contribuci\u00f3n a un sector que le reconoce y valora lo ha hecho merecedor del \u00abHEALTH CHOICE\u201d, una distinci\u00f3n que le fue entregada en el transcurso de la cena de gala del congreso.<\/p>\r\n<p>\u00a0<\/p>\r\n<p>Al t\u00e9rmino del mismo, Recoletas Salud ha valorado muy positivamente su participaci\u00f3n. \u201cUna ocasi\u00f3n \u00fanica para establecer nuevas sinergias y colaboraciones con los compradores corporativos de atenci\u00f3n m\u00e9dica m\u00e1s grandes de Oriente Medio, \u00c1frica y Europa y seguir avanzando en nuestro proceso de desarrollo e implantaci\u00f3n en nuevos territorios\u201d.<\/p>\r\n<\/figure>\r\n<!-- \/wp:paragraph -->","_et_gb_content_width":"","footnotes":""},"categories":[25],"tags":[33,28,35,34],"class_list":["post-291723","post","type-post","status-publish","format-standard","has-post-thumbnail","hentry","category-noticias","tag-eventos","tag-noticias","tag-partner","tag-starlite"],"yoast_head":"<!-- This site is optimized with the Yoast SEO plugin v26.1.1 - https:\/\/yoast.com\/wordpress\/plugins\/seo\/ -->\n<title>Vivir mejor y m\u00e1s felices, objetivo de Recoletas Salud, nuevo \u2018partner\u2019 de Starlite Occident - Hospital Marbella<\/title>\n<meta name=\"description\" content=\"Recoletas Salud, con m\u00e1s de 35 a\u00f1os de experiencia en el sector sanitario, nuevo \u2018partner\u2019 en el universo del festival Starlite Occident.\" \/>\n<meta name=\"robots\" content=\"index, follow, max-snippet:-1, max-image-preview:large, max-video-preview:-1\" \/>\n<link rel=\"canonical\" href=\"https:\/\/recoletasmarbella.com\/es\/recoletas-salud-partner-de-starlite-occident\/\" \/>\n<meta property=\"og:locale\" content=\"es_ES\" \/>\n<meta property=\"og:type\" content=\"article\" \/>\n<meta property=\"og:title\" content=\"Vivir mejor y m\u00e1s felices, objetivo de Recoletas Salud, nuevo \u2018partner\u2019 de Starlite Occident - Hospital Marbella\" \/>\n<meta property=\"og:description\" content=\"Recoletas Salud, con m\u00e1s de 35 a\u00f1os de experiencia en el sector sanitario, nuevo \u2018partner\u2019 en el universo del festival Starlite Occident.\" \/>\n<meta property=\"og:url\" content=\"https:\/\/recoletasmarbella.com\/es\/recoletas-salud-partner-de-starlite-occident\/\" \/>\n<meta property=\"og:site_name\" content=\"Hospital Marbella\" \/>\n<meta property=\"article:publisher\" content=\"https:\/\/www.facebook.com\/people\/Recoletas-Salud-Marbella\/61573653462220\/\" \/>\n<meta property=\"article:published_time\" content=\"2025-06-17T08:22:34+00:00\" \/>\n<meta property=\"article:modified_time\" content=\"2025-06-17T08:22:40+00:00\" \/>\n<meta property=\"og:image\" content=\"https:\/\/recoletasmarbella.com\/wp-content\/uploads\/2025\/06\/Vivir-mejor-y-mas-felices-objetivo-de-Recoletas-Salud-nuevo-\u2018partner-de-Starlite-Occident.jpg\" \/>\n\t<meta property=\"og:image:width\" content=\"1366\" \/>\n\t<meta property=\"og:image:height\" content=\"768\" \/>\n\t<meta property=\"og:image:type\" content=\"image\/jpeg\" \/>\n<meta name=\"author\" content=\"Marketing Recoletas\" \/>\n<meta name=\"twitter:card\" content=\"summary_large_image\" \/>\n<meta name=\"twitter:label1\" content=\"Escrito por\" \/>\n\t<meta name=\"twitter:data1\" content=\"Marketing Recoletas\" \/>\n\t<meta name=\"twitter:label2\" content=\"Tiempo de lectura\" \/>\n\t<meta name=\"twitter:data2\" content=\"4 minutos\" \/>\n<script type=\"application\/ld+json\" class=\"yoast-schema-graph\">{\"@context\":\"https:\/\/schema.org\",\"@graph\":[{\"@type\":\"Article\",\"@id\":\"https:\/\/recoletasmarbella.com\/es\/recoletas-salud-partner-de-starlite-occident\/#article\",\"isPartOf\":{\"@id\":\"https:\/\/recoletasmarbella.com\/es\/recoletas-salud-partner-de-starlite-occident\/\"},\"author\":{\"name\":\"Marketing Recoletas\",\"@id\":\"https:\/\/recoletasmarbella.com\/es\/#\/schema\/person\/3b21fa84f38da692a4e0fc02e4013aff\"},\"headline\":\"Vivir mejor y m\u00e1s felices, objetivo de Recoletas Salud, nuevo \u2018partner\u2019 de Starlite Occident\",\"datePublished\":\"2025-06-17T08:22:34+00:00\",\"dateModified\":\"2025-06-17T08:22:40+00:00\",\"mainEntityOfPage\":{\"@id\":\"https:\/\/recoletasmarbella.com\/es\/recoletas-salud-partner-de-starlite-occident\/\"},\"wordCount\":888,\"commentCount\":0,\"publisher\":{\"@id\":\"https:\/\/recoletasmarbella.com\/es\/#organization\"},\"image\":{\"@id\":\"https:\/\/recoletasmarbella.com\/es\/recoletas-salud-partner-de-starlite-occident\/#primaryimage\"},\"thumbnailUrl\":\"https:\/\/recoletasmarbella.com\/wp-content\/uploads\/2025\/06\/Vivir-mejor-y-mas-felices-objetivo-de-Recoletas-Salud-nuevo-\u2018partner-de-Starlite-Occident.jpg\",\"keywords\":[\"Eventos\",\"noticias\",\"Partner\",\"Starlite\"],\"articleSection\":[\"Noticias\"],\"inLanguage\":\"es\",\"potentialAction\":[{\"@type\":\"CommentAction\",\"name\":\"Comment\",\"target\":[\"https:\/\/recoletasmarbella.com\/es\/recoletas-salud-partner-de-starlite-occident\/#respond\"]}]},{\"@type\":\"WebPage\",\"@id\":\"https:\/\/recoletasmarbella.com\/es\/recoletas-salud-partner-de-starlite-occident\/\",\"url\":\"https:\/\/recoletasmarbella.com\/es\/recoletas-salud-partner-de-starlite-occident\/\",\"name\":\"Vivir mejor y m\u00e1s felices, objetivo de Recoletas Salud, nuevo \u2018partner\u2019 de Starlite Occident - Hospital Marbella\",\"isPartOf\":{\"@id\":\"https:\/\/recoletasmarbella.com\/es\/#website\"},\"primaryImageOfPage\":{\"@id\":\"https:\/\/recoletasmarbella.com\/es\/recoletas-salud-partner-de-starlite-occident\/#primaryimage\"},\"image\":{\"@id\":\"https:\/\/recoletasmarbella.com\/es\/recoletas-salud-partner-de-starlite-occident\/#primaryimage\"},\"thumbnailUrl\":\"https:\/\/recoletasmarbella.com\/wp-content\/uploads\/2025\/06\/Vivir-mejor-y-mas-felices-objetivo-de-Recoletas-Salud-nuevo-\u2018partner-de-Starlite-Occident.jpg\",\"datePublished\":\"2025-06-17T08:22:34+00:00\",\"dateModified\":\"2025-06-17T08:22:40+00:00\",\"description\":\"Recoletas Salud, con m\u00e1s de 35 a\u00f1os de experiencia en el sector sanitario, nuevo \u2018partner\u2019 en el universo del festival Starlite Occident.\",\"breadcrumb\":{\"@id\":\"https:\/\/recoletasmarbella.com\/es\/recoletas-salud-partner-de-starlite-occident\/#breadcrumb\"},\"inLanguage\":\"es\",\"potentialAction\":[{\"@type\":\"ReadAction\",\"target\":[\"https:\/\/recoletasmarbella.com\/es\/recoletas-salud-partner-de-starlite-occident\/\"]}]},{\"@type\":\"ImageObject\",\"inLanguage\":\"es\",\"@id\":\"https:\/\/recoletasmarbella.com\/es\/recoletas-salud-partner-de-starlite-occident\/#primaryimage\",\"url\":\"https:\/\/recoletasmarbella.com\/wp-content\/uploads\/2025\/06\/Vivir-mejor-y-mas-felices-objetivo-de-Recoletas-Salud-nuevo-\u2018partner-de-Starlite-Occident.jpg\",\"contentUrl\":\"https:\/\/recoletasmarbella.com\/wp-content\/uploads\/2025\/06\/Vivir-mejor-y-mas-felices-objetivo-de-Recoletas-Salud-nuevo-\u2018partner-de-Starlite-Occident.jpg\",\"width\":1366,\"height\":768,\"caption\":\"Vivir mejor y m\u00e1s felices, objetivo de Recoletas Salud, nuevo \u2018partner\u2019 de Starlite Occident\"},{\"@type\":\"BreadcrumbList\",\"@id\":\"https:\/\/recoletasmarbella.com\/es\/recoletas-salud-partner-de-starlite-occident\/#breadcrumb\",\"itemListElement\":[{\"@type\":\"ListItem\",\"position\":1,\"name\":\"Portada\",\"item\":\"https:\/\/recoletasmarbella.com\/es\/\"},{\"@type\":\"ListItem\",\"position\":2,\"name\":\"Vivir mejor y m\u00e1s felices, objetivo de Recoletas Salud, nuevo \u2018partner\u2019 de Starlite Occident\"}]},{\"@type\":\"WebSite\",\"@id\":\"https:\/\/recoletasmarbella.com\/es\/#website\",\"url\":\"https:\/\/recoletasmarbella.com\/es\/\",\"name\":\"Hospital Recoletas Salud Marbella\",\"description\":\"Recoletas Salud\",\"publisher\":{\"@id\":\"https:\/\/recoletasmarbella.com\/es\/#organization\"},\"potentialAction\":[{\"@type\":\"SearchAction\",\"target\":{\"@type\":\"EntryPoint\",\"urlTemplate\":\"https:\/\/recoletasmarbella.com\/es\/?s={search_term_string}\"},\"query-input\":{\"@type\":\"PropertyValueSpecification\",\"valueRequired\":true,\"valueName\":\"search_term_string\"}}],\"inLanguage\":\"es\"},{\"@type\":\"Organization\",\"@id\":\"https:\/\/recoletasmarbella.com\/es\/#organization\",\"name\":\"Grupo Recoletas\",\"url\":\"https:\/\/recoletasmarbella.com\/es\/\",\"logo\":{\"@type\":\"ImageObject\",\"inLanguage\":\"es\",\"@id\":\"https:\/\/recoletasmarbella.com\/es\/#\/schema\/logo\/image\/\",\"url\":\"http:\/\/recoletasmarbella.com\/wp-content\/uploads\/2025\/01\/logo-v-hospital-marbella-1.png\",\"contentUrl\":\"http:\/\/recoletasmarbella.com\/wp-content\/uploads\/2025\/01\/logo-v-hospital-marbella-1.png\",\"width\":216,\"height\":164,\"caption\":\"Grupo Recoletas\"},\"image\":{\"@id\":\"https:\/\/recoletasmarbella.com\/es\/#\/schema\/logo\/image\/\"},\"sameAs\":[\"https:\/\/www.facebook.com\/people\/Recoletas-Salud-Marbella\/61573653462220\/\",\"https:\/\/www.instagram.com\/recoletassaludmarbella\/\",\"https:\/\/www.linkedin.com\/company\/recoletas-salud-marbella\",\"https:\/\/www.youtube.com\/@recoletassalud\"]},{\"@type\":\"Person\",\"@id\":\"https:\/\/recoletasmarbella.com\/es\/#\/schema\/person\/3b21fa84f38da692a4e0fc02e4013aff\",\"name\":\"Marketing Recoletas\",\"image\":{\"@type\":\"ImageObject\",\"inLanguage\":\"es\",\"@id\":\"https:\/\/recoletasmarbella.com\/es\/#\/schema\/person\/image\/\",\"url\":\"https:\/\/secure.gravatar.com\/avatar\/4199347ab14abe9709bf9ad4aec31b390e990cc5e81f7c6f88f680475de1932c?s=96&d=mm&r=g\",\"contentUrl\":\"https:\/\/secure.gravatar.com\/avatar\/4199347ab14abe9709bf9ad4aec31b390e990cc5e81f7c6f88f680475de1932c?s=96&d=mm&r=g\",\"caption\":\"Marketing Recoletas\"},\"url\":\"https:\/\/recoletasmarbella.com\/es\/author\/marketing\/\"}]}<\/script>\n<!-- \/ Yoast SEO plugin. -->","yoast_head_json":{"title":"Vivir mejor y m\u00e1s felices, objetivo de Recoletas Salud, nuevo \u2018partner\u2019 de Starlite Occident - Hospital Marbella","description":"Recoletas Salud, con m\u00e1s de 35 a\u00f1os de experiencia en el sector sanitario, nuevo \u2018partner\u2019 en el universo del festival Starlite Occident.","robots":{"index":"index","follow":"follow","max-snippet":"max-snippet:-1","max-image-preview":"max-image-preview:large","max-video-preview":"max-video-preview:-1"},"canonical":"https:\/\/recoletasmarbella.com\/es\/recoletas-salud-partner-de-starlite-occident\/","og_locale":"es_ES","og_type":"article","og_title":"Vivir mejor y m\u00e1s felices, objetivo de Recoletas Salud, nuevo \u2018partner\u2019 de Starlite Occident - Hospital Marbella","og_description":"Recoletas Salud, con m\u00e1s de 35 a\u00f1os de experiencia en el sector sanitario, nuevo \u2018partner\u2019 en el universo del festival Starlite Occident.","og_url":"https:\/\/recoletasmarbella.com\/es\/recoletas-salud-partner-de-starlite-occident\/","og_site_name":"Hospital Marbella","article_publisher":"https:\/\/www.facebook.com\/people\/Recoletas-Salud-Marbella\/61573653462220\/","article_published_time":"2025-06-17T08:22:34+00:00","article_modified_time":"2025-06-17T08:22:40+00:00","og_image":[{"width":1366,"height":768,"url":"https:\/\/recoletasmarbella.com\/wp-content\/uploads\/2025\/06\/Vivir-mejor-y-mas-felices-objetivo-de-Recoletas-Salud-nuevo-\u2018partner-de-Starlite-Occident.jpg","type":"image\/jpeg"}],"author":"Marketing Recoletas","twitter_card":"summary_large_image","twitter_misc":{"Escrito por":"Marketing Recoletas","Tiempo de lectura":"4 minutos"},"schema":{"@context":"https:\/\/schema.org","@graph":[{"@type":"Article","@id":"https:\/\/recoletasmarbella.com\/es\/recoletas-salud-partner-de-starlite-occident\/#article","isPartOf":{"@id":"https:\/\/recoletasmarbella.com\/es\/recoletas-salud-partner-de-starlite-occident\/"},"author":{"name":"Marketing Recoletas","@id":"https:\/\/recoletasmarbella.com\/es\/#\/schema\/person\/3b21fa84f38da692a4e0fc02e4013aff"},"headline":"Vivir mejor y m\u00e1s felices, objetivo de Recoletas Salud, nuevo \u2018partner\u2019 de Starlite Occident","datePublished":"2025-06-17T08:22:34+00:00","dateModified":"2025-06-17T08:22:40+00:00","mainEntityOfPage":{"@id":"https:\/\/recoletasmarbella.com\/es\/recoletas-salud-partner-de-starlite-occident\/"},"wordCount":888,"commentCount":0,"publisher":{"@id":"https:\/\/recoletasmarbella.com\/es\/#organization"},"image":{"@id":"https:\/\/recoletasmarbella.com\/es\/recoletas-salud-partner-de-starlite-occident\/#primaryimage"},"thumbnailUrl":"https:\/\/recoletasmarbella.com\/wp-content\/uploads\/2025\/06\/Vivir-mejor-y-mas-felices-objetivo-de-Recoletas-Salud-nuevo-\u2018partner-de-Starlite-Occident.jpg","keywords":["Eventos","noticias","Partner","Starlite"],"articleSection":["Noticias"],"inLanguage":"es","potentialAction":[{"@type":"CommentAction","name":"Comment","target":["https:\/\/recoletasmarbella.com\/es\/recoletas-salud-partner-de-starlite-occident\/#respond"]}]},{"@type":"WebPage","@id":"https:\/\/recoletasmarbella.com\/es\/recoletas-salud-partner-de-starlite-occident\/","url":"https:\/\/recoletasmarbella.com\/es\/recoletas-salud-partner-de-starlite-occident\/","name":"Vivir mejor y m\u00e1s felices, objetivo de Recoletas Salud, nuevo \u2018partner\u2019 de Starlite Occident - Hospital Marbella","isPartOf":{"@id":"https:\/\/recoletasmarbella.com\/es\/#website"},"primaryImageOfPage":{"@id":"https:\/\/recoletasmarbella.com\/es\/recoletas-salud-partner-de-starlite-occident\/#primaryimage"},"image":{"@id":"https:\/\/recoletasmarbella.com\/es\/recoletas-salud-partner-de-starlite-occident\/#primaryimage"},"thumbnailUrl":"https:\/\/recoletasmarbella.com\/wp-content\/uploads\/2025\/06\/Vivir-mejor-y-mas-felices-objetivo-de-Recoletas-Salud-nuevo-\u2018partner-de-Starlite-Occident.jpg","datePublished":"2025-06-17T08:22:34+00:00","dateModified":"2025-06-17T08:22:40+00:00","description":"Recoletas Salud, con m\u00e1s de 35 a\u00f1os de experiencia en el sector sanitario, nuevo \u2018partner\u2019 en el universo del festival Starlite Occident.","breadcrumb":{"@id":"https:\/\/recoletasmarbella.com\/es\/recoletas-salud-partner-de-starlite-occident\/#breadcrumb"},"inLanguage":"es","potentialAction":[{"@type":"ReadAction","target":["https:\/\/recoletasmarbella.com\/es\/recoletas-salud-partner-de-starlite-occident\/"]}]},{"@type":"ImageObject","inLanguage":"es","@id":"https:\/\/recoletasmarbella.com\/es\/recoletas-salud-partner-de-starlite-occident\/#primaryimage","url":"https:\/\/recoletasmarbella.com\/wp-content\/uploads\/2025\/06\/Vivir-mejor-y-mas-felices-objetivo-de-Recoletas-Salud-nuevo-\u2018partner-de-Starlite-Occident.jpg","contentUrl":"https:\/\/recoletasmarbella.com\/wp-content\/uploads\/2025\/06\/Vivir-mejor-y-mas-felices-objetivo-de-Recoletas-Salud-nuevo-\u2018partner-de-Starlite-Occident.jpg","width":1366,"height":768,"caption":"Vivir mejor y m\u00e1s felices, objetivo de Recoletas Salud, nuevo \u2018partner\u2019 de Starlite Occident"},{"@type":"BreadcrumbList","@id":"https:\/\/recoletasmarbella.com\/es\/recoletas-salud-partner-de-starlite-occident\/#breadcrumb","itemListElement":[{"@type":"ListItem","position":1,"name":"Portada","item":"https:\/\/recoletasmarbella.com\/es\/"},{"@type":"ListItem","position":2,"name":"Vivir mejor y m\u00e1s felices, objetivo de Recoletas Salud, nuevo \u2018partner\u2019 de Starlite Occident"}]},{"@type":"WebSite","@id":"https:\/\/recoletasmarbella.com\/es\/#website","url":"https:\/\/recoletasmarbella.com\/es\/","name":"Hospital Recoletas Salud Marbella","description":"Recoletas Salud","publisher":{"@id":"https:\/\/recoletasmarbella.com\/es\/#organization"},"potentialAction":[{"@type":"SearchAction","target":{"@type":"EntryPoint","urlTemplate":"https:\/\/recoletasmarbella.com\/es\/?s={search_term_string}"},"query-input":{"@type":"PropertyValueSpecification","valueRequired":true,"valueName":"search_term_string"}}],"inLanguage":"es"},{"@type":"Organization","@id":"https:\/\/recoletasmarbella.com\/es\/#organization","name":"Grupo Recoletas","url":"https:\/\/recoletasmarbella.com\/es\/","logo":{"@type":"ImageObject","inLanguage":"es","@id":"https:\/\/recoletasmarbella.com\/es\/#\/schema\/logo\/image\/","url":"http:\/\/recoletasmarbella.com\/wp-content\/uploads\/2025\/01\/logo-v-hospital-marbella-1.png","contentUrl":"http:\/\/recoletasmarbella.com\/wp-content\/uploads\/2025\/01\/logo-v-hospital-marbella-1.png","width":216,"height":164,"caption":"Grupo Recoletas"},"image":{"@id":"https:\/\/recoletasmarbella.com\/es\/#\/schema\/logo\/image\/"},"sameAs":["https:\/\/www.facebook.com\/people\/Recoletas-Salud-Marbella\/61573653462220\/","https:\/\/www.instagram.com\/recoletassaludmarbella\/","https:\/\/www.linkedin.com\/company\/recoletas-salud-marbella","https:\/\/www.youtube.com\/@recoletassalud"]},{"@type":"Person","@id":"https:\/\/recoletasmarbella.com\/es\/#\/schema\/person\/3b21fa84f38da692a4e0fc02e4013aff","name":"Marketing Recoletas","image":{"@type":"ImageObject","inLanguage":"es","@id":"https:\/\/recoletasmarbella.com\/es\/#\/schema\/person\/image\/","url":"https:\/\/secure.gravatar.com\/avatar\/4199347ab14abe9709bf9ad4aec31b390e990cc5e81f7c6f88f680475de1932c?s=96&d=mm&r=g","contentUrl":"https:\/\/secure.gravatar.com\/avatar\/4199347ab14abe9709bf9ad4aec31b390e990cc5e81f7c6f88f680475de1932c?s=96&d=mm&r=g","caption":"Marketing Recoletas"},"url":"https:\/\/recoletasmarbella.com\/es\/author\/marketing\/"}]}},"_links":{"self":[{"href":"https:\/\/recoletasmarbella.com\/es\/wp-json\/wp\/v2\/posts\/291723","targetHints":{"allow":["GET"]}}],"collection":[{"href":"https:\/\/recoletasmarbella.com\/es\/wp-json\/wp\/v2\/posts"}],"about":[{"href":"https:\/\/recoletasmarbella.com\/es\/wp-json\/wp\/v2\/types\/post"}],"author":[{"embeddable":true,"href":"https:\/\/recoletasmarbella.com\/es\/wp-json\/wp\/v2\/users\/3"}],"replies":[{"embeddable":true,"href":"https:\/\/recoletasmarbella.com\/es\/wp-json\/wp\/v2\/comments?post=291723"}],"version-history":[{"count":5,"href":"https:\/\/recoletasmarbella.com\/es\/wp-json\/wp\/v2\/posts\/291723\/revisions"}],"predecessor-version":[{"id":291729,"href":"https:\/\/recoletasmarbella.com\/es\/wp-json\/wp\/v2\/posts\/291723\/revisions\/291729"}],"wp:featuredmedia":[{"embeddable":true,"href":"https:\/\/recoletasmarbella.com\/es\/wp-json\/wp\/v2\/media\/291724"}],"wp:attachment":[{"href":"https:\/\/recoletasmarbella.com\/es\/wp-json\/wp\/v2\/media?parent=291723"}],"wp:term":[{"taxonomy":"category","embeddable":true,"href":"https:\/\/recoletasmarbella.com\/es\/wp-json\/wp\/v2\/categories?post=291723"},{"taxonomy":"post_tag","embeddable":true,"href":"https:\/\/recoletasmarbella.com\/es\/wp-json\/wp\/v2\/tags?post=291723"}],"curies":[{"name":"wp","href":"https:\/\/api.w.org\/{rel}","templated":true}]}}