{"id":292112,"date":"2025-08-11T10:30:28","date_gmt":"2025-08-11T10:30:28","guid":{"rendered":"https:\/\/recoletasmarbella.com\/?p=292112"},"modified":"2025-09-05T06:34:46","modified_gmt":"2025-09-05T06:34:46","slug":"recoletas-salud-marbella-espacio-mujer","status":"publish","type":"post","link":"https:\/\/recoletasmarbella.com\/es\/recoletas-salud-marbella-espacio-mujer\/","title":{"rendered":"Recoletas Salud Marbella pone en marcha \u201cEspacio Mujer\u201d"},"content":{"rendered":"<p>[et_pb_section fb_built=\u00bb1&#8243; _builder_version=\u00bb4.16&#8243; custom_padding=\u00bb38px|||||\u00bb global_colors_info=\u00bb{}\u00bb][et_pb_row _builder_version=\u00bb4.16&#8243; background_size=\u00bbinitial\u00bb background_position=\u00bbtop_left\u00bb background_repeat=\u00bbrepeat\u00bb custom_padding=\u00bb2px|||||\u00bb global_colors_info=\u00bb{}\u00bb][et_pb_column type=\u00bb4_4&#8243; _builder_version=\u00bb4.16&#8243; custom_padding=\u00bb|||\u00bb global_colors_info=\u00bb{}\u00bb custom_padding__hover=\u00bb|||\u00bb][et_pb_text _builder_version=\u00bb4.27.4&#8243; header_4_font=\u00bb&#8211;et_global_heading_font|700||on|on||||\u00bb background_size=\u00bbinitial\u00bb background_position=\u00bbtop_left\u00bb background_repeat=\u00bbrepeat\u00bb text_orientation=\u00bbjustified\u00bb custom_margin=\u00bb1px||||false|false\u00bb custom_padding=\u00bb|0px||||\u00bb global_colors_info=\u00bb{}\u00bb]<\/p>\n<h2 class=\"wp-block-image size-full\"><strong>El primer encuentro cont\u00f3 con la participaci\u00f3n de una veintena de mujeres<\/strong><span style=\"font-size: 14px;\">\u00a0<\/span><\/h2>\n<p>[\/et_pb_text][et_pb_text _builder_version=\u00bb4.27.4&#8243; header_4_font=\u00bb&#8211;et_global_heading_font|700||on|on||||\u00bb background_size=\u00bbinitial\u00bb background_position=\u00bbtop_left\u00bb background_repeat=\u00bbrepeat\u00bb text_orientation=\u00bbjustified\u00bb custom_margin=\u00bb1px||||false|false\u00bb custom_padding=\u00bb|0px||||\u00bb global_colors_info=\u00bb{}\u00bb]<\/p>\n<figure class=\"wp-block-image size-full\">\n<p>Recoletas Salud Marbella acaba de poner en marcha \u201cEspacio Mujer\u201d, un lugar de encuentro para poder disfrutar de unas horas de entretenimiento y formaci\u00f3n y aprendizaje en salud.<\/p>\n<p>La primera de las sesiones de \u201cEspacio Mujer\u201d ha consistido en una master class de yoga impartida por la profesora Layla Kinsale. A continuaci\u00f3n, ha tenido lugar una conferencia de los ginec\u00f3logos de la cl\u00ednica, los doctores Jordana Mata y Jos\u00e9 Ignacio Gerchunoff sobre la menopausia.\u00a0 El evento ha finalizado con un desayuno saludable, especialmente preparado para la ocasi\u00f3n por la cocinera Patricia Vottero.<\/p>\n<p><em>\u201cEspacio Mujer\u201d quiere convertirse en una cita apetecible para que nuestras pacientes, y tambi\u00e9n para otras mujeres de la ciudad puedan disfrutar de sus momentos de ocio mejorando su salud y bienestar<\/em>, se\u00f1al\u00f3 la gerente del hospital Carmen Rodr\u00edguez.<\/p>\n<p>Este lugar de encuentro que promueve Recoletas Salud Marbella nace con vocaci\u00f3n de celebrarse todos los meses del a\u00f1o. El formato ser\u00e1 el mismo: una actividad deportiva suave, una conferencia por parte de nuestros especialistas m\u00e9dicos y un desayuno rico y sano que aprovecharemos para conocernos y entablar nuevos v\u00ednculos con nuestras pacientes, coment\u00f3 la gerente.<\/p>\n<p><span style=\"font-size: 14px;\">Para Recoletas Salud es fundamental formar parte de las sociedades de las ciudades en las que est\u00e1 presente. Con iniciativas como \u201cEspacio Mujer\u201d, pretendemos acercarnos a las mujeres de Marbella y ayudarlas en aquellos temas de salud que sabemos que las preocupan e interesan poniendo a su disposici\u00f3n todo nuestro conocimiento y a nuestros profesionales m\u00e9dicos.<\/span><\/p>\n<p>Cualquier mujer que est\u00e9 interesada en participar s\u00f3lo tiene que ponerse en contacto con el hospital a trav\u00e9s del siguiente correo: <a href=\"mailto:ana.palacin@gruporecoletas.com\">ana.palacin@gruporecoletas.com<\/a> y\/o del n\u00famero de tel\u00e9fono 697 411 878.<\/p>\n<\/figure>\n<p>[\/et_pb_text][\/et_pb_column][\/et_pb_row][\/et_pb_section]<\/p>\n","protected":false},"excerpt":{"rendered":"<p>El primer encuentro cont\u00f3 con la participaci\u00f3n de una veintena de mujeres\u00a0 Recoletas Salud Marbella acaba de poner en marcha \u201cEspacio Mujer\u201d, un lugar de encuentro para poder disfrutar de unas horas de entretenimiento y formaci\u00f3n y aprendizaje en salud. La primera de las sesiones de \u201cEspacio Mujer\u201d ha consistido en una master class de [&hellip;]<\/p>\n","protected":false},"author":3,"featured_media":292113,"comment_status":"open","ping_status":"closed","sticky":false,"template":"","format":"standard","meta":{"_et_pb_use_builder":"on","_et_pb_old_content":"<!-- wp:paragraph -->\r\n<figure class=\"wp-block-image size-full\">\r\n<p>\u00a0<\/p>\r\n<p><img class=\"alignnone size-full wp-image-290984\" src=\"http:\/\/recoletasmarbella.com\/wp-content\/uploads\/2025\/04\/RECONOCIMIENTO-HEALTH-CHOICE-RECOLETAS-SALUD.png\" alt=\"\" width=\"1366\" height=\"768\" \/><\/p>\r\n<p>\u00a0<\/p>\r\n<p>Recoletas Salud ha participado en Marbella en una nueva edici\u00f3n del Congreso Mundial de Turismo de Salud WHTC, un evento anual internacional que desde hace catorce a\u00f1os promueve el desarrollo continuo del sector del Turismo de Salud.<\/p>\r\n<p>A lo largo del congreso se han sucedido diferentes conferencias sobre telemedicina, la \u00faltima tecnolog\u00eda sanitaria, las t\u00e9cnicas quir\u00fargicas, la experiencia del paciente internacional y otros desaf\u00edos y avances en la industria a cargo de profesionales de renombre internacional.<\/p>\r\n<h4 id=\"h-recoletas-salud\" class=\"wp-block-heading\"><strong><u>Recoletas Salud<\/u><\/strong><\/h4>\r\n<p>Con una trayectoria de 36 a\u00f1os dentro del sector de la salud en Espa\u00f1a, Recoletas Salud est\u00e1 presente en Castilla y Le\u00f3n, -en donde lidera la sanidad privada-, en Castilla La Mancha, Galicia, Arag\u00f3n, Murcia y Cantabria.<\/p>\r\n<p>Hace meses inici\u00f3 su expansi\u00f3n en el sur de Espa\u00f1a en donde recientemente ha incorporado a su proyecto un hospital en Marbella y un hospital en C\u00e1diz, el hospital Recoletas Salud L\u00f3pez Cano. Tambi\u00e9n tiene una cl\u00ednica de medicina reproductiva en Sevilla.<\/p>\r\n<p>El proyecto de Recoletas Salud se ha distinguido siempre por contar en todos sus hospitales y centros con los mejores equipos m\u00e9dicos y la \u00faltima tecnolog\u00eda sanitaria, la m\u00e1s avanzada e inteligente del sector.<\/p>\r\n<p>Precisamente, su experiencia y su contribuci\u00f3n a un sector que le reconoce y valora lo ha hecho merecedor del \u00abHEALTH CHOICE\u201d, una distinci\u00f3n que le fue entregada en el transcurso de la cena de gala del congreso.<\/p>\r\n<p>\u00a0<\/p>\r\n<p>Al t\u00e9rmino del mismo, Recoletas Salud ha valorado muy positivamente su participaci\u00f3n. \u201cUna ocasi\u00f3n \u00fanica para establecer nuevas sinergias y colaboraciones con los compradores corporativos de atenci\u00f3n m\u00e9dica m\u00e1s grandes de Oriente Medio, \u00c1frica y Europa y seguir avanzando en nuestro proceso de desarrollo e implantaci\u00f3n en nuevos territorios\u201d.<\/p>\r\n<\/figure>\r\n<!-- \/wp:paragraph -->","_et_gb_content_width":"","footnotes":""},"categories":[26],"tags":[33,28],"class_list":["post-292112","post","type-post","status-publish","format-standard","has-post-thumbnail","hentry","category-actividades-del-centro","tag-eventos","tag-noticias"],"yoast_head":"<!-- This site is optimized with the Yoast SEO plugin v26.1.1 - https:\/\/yoast.com\/wordpress\/plugins\/seo\/ -->\n<title>Recoletas Salud Marbella pone en marcha \u201cEspacio Mujer\u201d - Hospital Marbella<\/title>\n<meta name=\"description\" content=\"El primer encuentro de &quot;Espacio Mujer&quot; en Recoletas Salud Marbella cont\u00f3 con la participaci\u00f3n de una veintena de mujeres.\" \/>\n<meta name=\"robots\" content=\"index, follow, max-snippet:-1, max-image-preview:large, max-video-preview:-1\" \/>\n<link rel=\"canonical\" href=\"https:\/\/recoletasmarbella.com\/es\/recoletas-salud-marbella-espacio-mujer\/\" \/>\n<meta property=\"og:locale\" content=\"es_ES\" \/>\n<meta property=\"og:type\" content=\"article\" \/>\n<meta property=\"og:title\" content=\"Recoletas Salud Marbella pone en marcha \u201cEspacio Mujer\u201d - Hospital Marbella\" \/>\n<meta property=\"og:description\" content=\"El primer encuentro de &quot;Espacio Mujer&quot; en Recoletas Salud Marbella cont\u00f3 con la participaci\u00f3n de una veintena de mujeres.\" \/>\n<meta property=\"og:url\" content=\"https:\/\/recoletasmarbella.com\/es\/recoletas-salud-marbella-espacio-mujer\/\" \/>\n<meta property=\"og:site_name\" content=\"Hospital Marbella\" \/>\n<meta property=\"article:publisher\" content=\"https:\/\/www.facebook.com\/people\/Recoletas-Salud-Marbella\/61573653462220\/\" \/>\n<meta property=\"article:published_time\" content=\"2025-08-11T10:30:28+00:00\" \/>\n<meta property=\"article:modified_time\" content=\"2025-09-05T06:34:46+00:00\" \/>\n<meta property=\"og:image\" content=\"https:\/\/recoletasmarbella.com\/wp-content\/uploads\/2025\/09\/Recoletas-Salud-Marbella-pone-en-marcha-Espacio-Mujer.png\" \/>\n\t<meta property=\"og:image:width\" content=\"1200\" \/>\n\t<meta property=\"og:image:height\" content=\"759\" \/>\n\t<meta property=\"og:image:type\" content=\"image\/png\" \/>\n<meta name=\"author\" content=\"Marketing Recoletas\" \/>\n<meta name=\"twitter:card\" content=\"summary_large_image\" \/>\n<meta name=\"twitter:label1\" content=\"Escrito por\" \/>\n\t<meta name=\"twitter:data1\" content=\"Marketing Recoletas\" \/>\n\t<meta name=\"twitter:label2\" content=\"Tiempo de lectura\" \/>\n\t<meta name=\"twitter:data2\" content=\"2 minutos\" \/>\n<script type=\"application\/ld+json\" class=\"yoast-schema-graph\">{\"@context\":\"https:\/\/schema.org\",\"@graph\":[{\"@type\":\"Article\",\"@id\":\"https:\/\/recoletasmarbella.com\/es\/recoletas-salud-marbella-espacio-mujer\/#article\",\"isPartOf\":{\"@id\":\"https:\/\/recoletasmarbella.com\/es\/recoletas-salud-marbella-espacio-mujer\/\"},\"author\":{\"name\":\"Marketing Recoletas\",\"@id\":\"https:\/\/recoletasmarbella.com\/es\/#\/schema\/person\/3b21fa84f38da692a4e0fc02e4013aff\"},\"headline\":\"Recoletas Salud Marbella pone en marcha \u201cEspacio Mujer\u201d\",\"datePublished\":\"2025-08-11T10:30:28+00:00\",\"dateModified\":\"2025-09-05T06:34:46+00:00\",\"mainEntityOfPage\":{\"@id\":\"https:\/\/recoletasmarbella.com\/es\/recoletas-salud-marbella-espacio-mujer\/\"},\"wordCount\":450,\"commentCount\":0,\"publisher\":{\"@id\":\"https:\/\/recoletasmarbella.com\/es\/#organization\"},\"image\":{\"@id\":\"https:\/\/recoletasmarbella.com\/es\/recoletas-salud-marbella-espacio-mujer\/#primaryimage\"},\"thumbnailUrl\":\"https:\/\/recoletasmarbella.com\/wp-content\/uploads\/2025\/09\/Recoletas-Salud-Marbella-pone-en-marcha-Espacio-Mujer.png\",\"keywords\":[\"Eventos\",\"noticias\"],\"articleSection\":[\"Actividades del centro\"],\"inLanguage\":\"es\",\"potentialAction\":[{\"@type\":\"CommentAction\",\"name\":\"Comment\",\"target\":[\"https:\/\/recoletasmarbella.com\/es\/recoletas-salud-marbella-espacio-mujer\/#respond\"]}]},{\"@type\":\"WebPage\",\"@id\":\"https:\/\/recoletasmarbella.com\/es\/recoletas-salud-marbella-espacio-mujer\/\",\"url\":\"https:\/\/recoletasmarbella.com\/es\/recoletas-salud-marbella-espacio-mujer\/\",\"name\":\"Recoletas Salud Marbella pone en marcha \u201cEspacio Mujer\u201d - Hospital Marbella\",\"isPartOf\":{\"@id\":\"https:\/\/recoletasmarbella.com\/es\/#website\"},\"primaryImageOfPage\":{\"@id\":\"https:\/\/recoletasmarbella.com\/es\/recoletas-salud-marbella-espacio-mujer\/#primaryimage\"},\"image\":{\"@id\":\"https:\/\/recoletasmarbella.com\/es\/recoletas-salud-marbella-espacio-mujer\/#primaryimage\"},\"thumbnailUrl\":\"https:\/\/recoletasmarbella.com\/wp-content\/uploads\/2025\/09\/Recoletas-Salud-Marbella-pone-en-marcha-Espacio-Mujer.png\",\"datePublished\":\"2025-08-11T10:30:28+00:00\",\"dateModified\":\"2025-09-05T06:34:46+00:00\",\"description\":\"El primer encuentro de \\\"Espacio Mujer\\\" en Recoletas Salud Marbella cont\u00f3 con la participaci\u00f3n de una veintena de mujeres.\",\"breadcrumb\":{\"@id\":\"https:\/\/recoletasmarbella.com\/es\/recoletas-salud-marbella-espacio-mujer\/#breadcrumb\"},\"inLanguage\":\"es\",\"potentialAction\":[{\"@type\":\"ReadAction\",\"target\":[\"https:\/\/recoletasmarbella.com\/es\/recoletas-salud-marbella-espacio-mujer\/\"]}]},{\"@type\":\"ImageObject\",\"inLanguage\":\"es\",\"@id\":\"https:\/\/recoletasmarbella.com\/es\/recoletas-salud-marbella-espacio-mujer\/#primaryimage\",\"url\":\"https:\/\/recoletasmarbella.com\/wp-content\/uploads\/2025\/09\/Recoletas-Salud-Marbella-pone-en-marcha-Espacio-Mujer.png\",\"contentUrl\":\"https:\/\/recoletasmarbella.com\/wp-content\/uploads\/2025\/09\/Recoletas-Salud-Marbella-pone-en-marcha-Espacio-Mujer.png\",\"width\":1200,\"height\":759,\"caption\":\"Recoletas Salud Marbella pone en marcha \u201cEspacio Mujer\u201d\"},{\"@type\":\"BreadcrumbList\",\"@id\":\"https:\/\/recoletasmarbella.com\/es\/recoletas-salud-marbella-espacio-mujer\/#breadcrumb\",\"itemListElement\":[{\"@type\":\"ListItem\",\"position\":1,\"name\":\"Portada\",\"item\":\"https:\/\/recoletasmarbella.com\/es\/\"},{\"@type\":\"ListItem\",\"position\":2,\"name\":\"Recoletas Salud Marbella pone en marcha \u201cEspacio Mujer\u201d\"}]},{\"@type\":\"WebSite\",\"@id\":\"https:\/\/recoletasmarbella.com\/es\/#website\",\"url\":\"https:\/\/recoletasmarbella.com\/es\/\",\"name\":\"Hospital Recoletas Salud Marbella\",\"description\":\"Recoletas Salud\",\"publisher\":{\"@id\":\"https:\/\/recoletasmarbella.com\/es\/#organization\"},\"potentialAction\":[{\"@type\":\"SearchAction\",\"target\":{\"@type\":\"EntryPoint\",\"urlTemplate\":\"https:\/\/recoletasmarbella.com\/es\/?s={search_term_string}\"},\"query-input\":{\"@type\":\"PropertyValueSpecification\",\"valueRequired\":true,\"valueName\":\"search_term_string\"}}],\"inLanguage\":\"es\"},{\"@type\":\"Organization\",\"@id\":\"https:\/\/recoletasmarbella.com\/es\/#organization\",\"name\":\"Grupo Recoletas\",\"url\":\"https:\/\/recoletasmarbella.com\/es\/\",\"logo\":{\"@type\":\"ImageObject\",\"inLanguage\":\"es\",\"@id\":\"https:\/\/recoletasmarbella.com\/es\/#\/schema\/logo\/image\/\",\"url\":\"http:\/\/recoletasmarbella.com\/wp-content\/uploads\/2025\/01\/logo-v-hospital-marbella-1.png\",\"contentUrl\":\"http:\/\/recoletasmarbella.com\/wp-content\/uploads\/2025\/01\/logo-v-hospital-marbella-1.png\",\"width\":216,\"height\":164,\"caption\":\"Grupo Recoletas\"},\"image\":{\"@id\":\"https:\/\/recoletasmarbella.com\/es\/#\/schema\/logo\/image\/\"},\"sameAs\":[\"https:\/\/www.facebook.com\/people\/Recoletas-Salud-Marbella\/61573653462220\/\",\"https:\/\/www.instagram.com\/recoletassaludmarbella\/\",\"https:\/\/www.linkedin.com\/company\/recoletas-salud-marbella\",\"https:\/\/www.youtube.com\/@recoletassalud\"]},{\"@type\":\"Person\",\"@id\":\"https:\/\/recoletasmarbella.com\/es\/#\/schema\/person\/3b21fa84f38da692a4e0fc02e4013aff\",\"name\":\"Marketing Recoletas\",\"image\":{\"@type\":\"ImageObject\",\"inLanguage\":\"es\",\"@id\":\"https:\/\/recoletasmarbella.com\/es\/#\/schema\/person\/image\/\",\"url\":\"https:\/\/secure.gravatar.com\/avatar\/4199347ab14abe9709bf9ad4aec31b390e990cc5e81f7c6f88f680475de1932c?s=96&d=mm&r=g\",\"contentUrl\":\"https:\/\/secure.gravatar.com\/avatar\/4199347ab14abe9709bf9ad4aec31b390e990cc5e81f7c6f88f680475de1932c?s=96&d=mm&r=g\",\"caption\":\"Marketing Recoletas\"},\"url\":\"https:\/\/recoletasmarbella.com\/es\/author\/marketing\/\"}]}<\/script>\n<!-- \/ Yoast SEO plugin. -->","yoast_head_json":{"title":"Recoletas Salud Marbella pone en marcha \u201cEspacio Mujer\u201d - Hospital Marbella","description":"El primer encuentro de \"Espacio Mujer\" en Recoletas Salud Marbella cont\u00f3 con la participaci\u00f3n de una veintena de mujeres.","robots":{"index":"index","follow":"follow","max-snippet":"max-snippet:-1","max-image-preview":"max-image-preview:large","max-video-preview":"max-video-preview:-1"},"canonical":"https:\/\/recoletasmarbella.com\/es\/recoletas-salud-marbella-espacio-mujer\/","og_locale":"es_ES","og_type":"article","og_title":"Recoletas Salud Marbella pone en marcha \u201cEspacio Mujer\u201d - Hospital Marbella","og_description":"El primer encuentro de \"Espacio Mujer\" en Recoletas Salud Marbella cont\u00f3 con la participaci\u00f3n de una veintena de mujeres.","og_url":"https:\/\/recoletasmarbella.com\/es\/recoletas-salud-marbella-espacio-mujer\/","og_site_name":"Hospital Marbella","article_publisher":"https:\/\/www.facebook.com\/people\/Recoletas-Salud-Marbella\/61573653462220\/","article_published_time":"2025-08-11T10:30:28+00:00","article_modified_time":"2025-09-05T06:34:46+00:00","og_image":[{"width":1200,"height":759,"url":"https:\/\/recoletasmarbella.com\/wp-content\/uploads\/2025\/09\/Recoletas-Salud-Marbella-pone-en-marcha-Espacio-Mujer.png","type":"image\/png"}],"author":"Marketing Recoletas","twitter_card":"summary_large_image","twitter_misc":{"Escrito por":"Marketing Recoletas","Tiempo de lectura":"2 minutos"},"schema":{"@context":"https:\/\/schema.org","@graph":[{"@type":"Article","@id":"https:\/\/recoletasmarbella.com\/es\/recoletas-salud-marbella-espacio-mujer\/#article","isPartOf":{"@id":"https:\/\/recoletasmarbella.com\/es\/recoletas-salud-marbella-espacio-mujer\/"},"author":{"name":"Marketing Recoletas","@id":"https:\/\/recoletasmarbella.com\/es\/#\/schema\/person\/3b21fa84f38da692a4e0fc02e4013aff"},"headline":"Recoletas Salud Marbella pone en marcha \u201cEspacio Mujer\u201d","datePublished":"2025-08-11T10:30:28+00:00","dateModified":"2025-09-05T06:34:46+00:00","mainEntityOfPage":{"@id":"https:\/\/recoletasmarbella.com\/es\/recoletas-salud-marbella-espacio-mujer\/"},"wordCount":450,"commentCount":0,"publisher":{"@id":"https:\/\/recoletasmarbella.com\/es\/#organization"},"image":{"@id":"https:\/\/recoletasmarbella.com\/es\/recoletas-salud-marbella-espacio-mujer\/#primaryimage"},"thumbnailUrl":"https:\/\/recoletasmarbella.com\/wp-content\/uploads\/2025\/09\/Recoletas-Salud-Marbella-pone-en-marcha-Espacio-Mujer.png","keywords":["Eventos","noticias"],"articleSection":["Actividades del centro"],"inLanguage":"es","potentialAction":[{"@type":"CommentAction","name":"Comment","target":["https:\/\/recoletasmarbella.com\/es\/recoletas-salud-marbella-espacio-mujer\/#respond"]}]},{"@type":"WebPage","@id":"https:\/\/recoletasmarbella.com\/es\/recoletas-salud-marbella-espacio-mujer\/","url":"https:\/\/recoletasmarbella.com\/es\/recoletas-salud-marbella-espacio-mujer\/","name":"Recoletas Salud Marbella pone en marcha \u201cEspacio Mujer\u201d - Hospital Marbella","isPartOf":{"@id":"https:\/\/recoletasmarbella.com\/es\/#website"},"primaryImageOfPage":{"@id":"https:\/\/recoletasmarbella.com\/es\/recoletas-salud-marbella-espacio-mujer\/#primaryimage"},"image":{"@id":"https:\/\/recoletasmarbella.com\/es\/recoletas-salud-marbella-espacio-mujer\/#primaryimage"},"thumbnailUrl":"https:\/\/recoletasmarbella.com\/wp-content\/uploads\/2025\/09\/Recoletas-Salud-Marbella-pone-en-marcha-Espacio-Mujer.png","datePublished":"2025-08-11T10:30:28+00:00","dateModified":"2025-09-05T06:34:46+00:00","description":"El primer encuentro de \"Espacio Mujer\" en Recoletas Salud Marbella cont\u00f3 con la participaci\u00f3n de una veintena de mujeres.","breadcrumb":{"@id":"https:\/\/recoletasmarbella.com\/es\/recoletas-salud-marbella-espacio-mujer\/#breadcrumb"},"inLanguage":"es","potentialAction":[{"@type":"ReadAction","target":["https:\/\/recoletasmarbella.com\/es\/recoletas-salud-marbella-espacio-mujer\/"]}]},{"@type":"ImageObject","inLanguage":"es","@id":"https:\/\/recoletasmarbella.com\/es\/recoletas-salud-marbella-espacio-mujer\/#primaryimage","url":"https:\/\/recoletasmarbella.com\/wp-content\/uploads\/2025\/09\/Recoletas-Salud-Marbella-pone-en-marcha-Espacio-Mujer.png","contentUrl":"https:\/\/recoletasmarbella.com\/wp-content\/uploads\/2025\/09\/Recoletas-Salud-Marbella-pone-en-marcha-Espacio-Mujer.png","width":1200,"height":759,"caption":"Recoletas Salud Marbella pone en marcha \u201cEspacio Mujer\u201d"},{"@type":"BreadcrumbList","@id":"https:\/\/recoletasmarbella.com\/es\/recoletas-salud-marbella-espacio-mujer\/#breadcrumb","itemListElement":[{"@type":"ListItem","position":1,"name":"Portada","item":"https:\/\/recoletasmarbella.com\/es\/"},{"@type":"ListItem","position":2,"name":"Recoletas Salud Marbella pone en marcha \u201cEspacio Mujer\u201d"}]},{"@type":"WebSite","@id":"https:\/\/recoletasmarbella.com\/es\/#website","url":"https:\/\/recoletasmarbella.com\/es\/","name":"Hospital Recoletas Salud Marbella","description":"Recoletas Salud","publisher":{"@id":"https:\/\/recoletasmarbella.com\/es\/#organization"},"potentialAction":[{"@type":"SearchAction","target":{"@type":"EntryPoint","urlTemplate":"https:\/\/recoletasmarbella.com\/es\/?s={search_term_string}"},"query-input":{"@type":"PropertyValueSpecification","valueRequired":true,"valueName":"search_term_string"}}],"inLanguage":"es"},{"@type":"Organization","@id":"https:\/\/recoletasmarbella.com\/es\/#organization","name":"Grupo Recoletas","url":"https:\/\/recoletasmarbella.com\/es\/","logo":{"@type":"ImageObject","inLanguage":"es","@id":"https:\/\/recoletasmarbella.com\/es\/#\/schema\/logo\/image\/","url":"http:\/\/recoletasmarbella.com\/wp-content\/uploads\/2025\/01\/logo-v-hospital-marbella-1.png","contentUrl":"http:\/\/recoletasmarbella.com\/wp-content\/uploads\/2025\/01\/logo-v-hospital-marbella-1.png","width":216,"height":164,"caption":"Grupo Recoletas"},"image":{"@id":"https:\/\/recoletasmarbella.com\/es\/#\/schema\/logo\/image\/"},"sameAs":["https:\/\/www.facebook.com\/people\/Recoletas-Salud-Marbella\/61573653462220\/","https:\/\/www.instagram.com\/recoletassaludmarbella\/","https:\/\/www.linkedin.com\/company\/recoletas-salud-marbella","https:\/\/www.youtube.com\/@recoletassalud"]},{"@type":"Person","@id":"https:\/\/recoletasmarbella.com\/es\/#\/schema\/person\/3b21fa84f38da692a4e0fc02e4013aff","name":"Marketing Recoletas","image":{"@type":"ImageObject","inLanguage":"es","@id":"https:\/\/recoletasmarbella.com\/es\/#\/schema\/person\/image\/","url":"https:\/\/secure.gravatar.com\/avatar\/4199347ab14abe9709bf9ad4aec31b390e990cc5e81f7c6f88f680475de1932c?s=96&d=mm&r=g","contentUrl":"https:\/\/secure.gravatar.com\/avatar\/4199347ab14abe9709bf9ad4aec31b390e990cc5e81f7c6f88f680475de1932c?s=96&d=mm&r=g","caption":"Marketing Recoletas"},"url":"https:\/\/recoletasmarbella.com\/es\/author\/marketing\/"}]}},"_links":{"self":[{"href":"https:\/\/recoletasmarbella.com\/es\/wp-json\/wp\/v2\/posts\/292112","targetHints":{"allow":["GET"]}}],"collection":[{"href":"https:\/\/recoletasmarbella.com\/es\/wp-json\/wp\/v2\/posts"}],"about":[{"href":"https:\/\/recoletasmarbella.com\/es\/wp-json\/wp\/v2\/types\/post"}],"author":[{"embeddable":true,"href":"https:\/\/recoletasmarbella.com\/es\/wp-json\/wp\/v2\/users\/3"}],"replies":[{"embeddable":true,"href":"https:\/\/recoletasmarbella.com\/es\/wp-json\/wp\/v2\/comments?post=292112"}],"version-history":[{"count":8,"href":"https:\/\/recoletasmarbella.com\/es\/wp-json\/wp\/v2\/posts\/292112\/revisions"}],"predecessor-version":[{"id":292123,"href":"https:\/\/recoletasmarbella.com\/es\/wp-json\/wp\/v2\/posts\/292112\/revisions\/292123"}],"wp:featuredmedia":[{"embeddable":true,"href":"https:\/\/recoletasmarbella.com\/es\/wp-json\/wp\/v2\/media\/292113"}],"wp:attachment":[{"href":"https:\/\/recoletasmarbella.com\/es\/wp-json\/wp\/v2\/media?parent=292112"}],"wp:term":[{"taxonomy":"category","embeddable":true,"href":"https:\/\/recoletasmarbella.com\/es\/wp-json\/wp\/v2\/categories?post=292112"},{"taxonomy":"post_tag","embeddable":true,"href":"https:\/\/recoletasmarbella.com\/es\/wp-json\/wp\/v2\/tags?post=292112"}],"curies":[{"name":"wp","href":"https:\/\/api.w.org\/{rel}","templated":true}]}}