{"id":292183,"date":"2025-10-30T14:14:48","date_gmt":"2025-10-30T14:14:48","guid":{"rendered":"https:\/\/recoletasmarbella.com\/?p=292183"},"modified":"2025-10-30T14:17:44","modified_gmt":"2025-10-30T14:17:44","slug":"recoletas-salud-marbella-salud-y-bienestar","status":"publish","type":"post","link":"https:\/\/recoletasmarbella.com\/es\/recoletas-salud-marbella-salud-y-bienestar\/","title":{"rendered":"El Hospital Recoletas Salud Marbella concebido para ser referencia de salud y bienestar"},"content":{"rendered":"<h3><strong><em>Gracias a sus profesionales, la tecnolog\u00eda m\u00e9dica y las instalaciones<\/em><\/strong><\/h3>\n<p>El hospital Recoletas Salud Marbella est\u00e1 destinado a convertirse en un referente de la sanidad en Marbella gracias sus profesionales m\u00e9dicos, la tecnolog\u00eda y las instalaciones con las que cuenta, as\u00ed lo aseguraron esta ma\u00f1ana el presidente de Recoletas Salud, Amando Rodr\u00edguez, y la gerente del hospital de Marbella, Carmen Rodr\u00edguez.<\/p>\n<p>Para Recoletas Salud, que cuenta con una trayectoria de 36 a\u00f1os en el mundo de la Sanidad Privada y es l\u00edder en muchas de las ciudades en las que est\u00e1 presente, es un honor poder desarrollar su modelo en Marbella y contribuir a que las personas de la ciudad vivan m\u00e1s tiempo, mejor y m\u00e1s felices.<\/p>\n<p>&nbsp;<\/p>\n<h3><strong><u>Sobre el Hospital Recoletas Salud Marbella<\/u><\/strong><\/h3>\n<p>El cuadro m\u00e9dico asciende ahora mismo a una treintena de especialistas en Ginecolog\u00eda y Obstetricia, Cirug\u00eda Neurovertebral, Traumatolog\u00eda, Cardiolog\u00eda, Radiolog\u00eda, Urolog\u00eda, Cirug\u00eda General, Cirug\u00eda Cardiovascular, Medicina Interna, Urgencias\u2026<\/p>\n<p>Respecto al equipamiento m\u00e9dico, el hospital dispone de una sala de hemodin\u00e1mica y cuatro quir\u00f3fanos, uno de los cuales est\u00e1 considerado como uno de los m\u00e1s avanzados de Europa. Se trata de un quir\u00f3fano polivalente de \u00faltima generaci\u00f3n para cirug\u00edas de elevada complejidad y equipado con la \u00faltima tecnolog\u00eda e innovaci\u00f3n: esc\u00e1ner O-ARM de \u00faltima generaci\u00f3n, navegador S8, robot Mazor y el microscopio 3d 4K, Exoscopio, Kinevo 900s, el microscopio quir\u00fargico m\u00e1s sofisticado del mercado, que ofrece la mejor visualizaci\u00f3n digital.<\/p>\n<p>Tambi\u00e9n el servicio de Diagn\u00f3stico por Imagen del hospital Recoletas Salud de Marbella, destac\u00f3 Amando Rodr\u00edguez, es un servicio exclusivo al contar con una Resonancia Magn\u00e9tica 3 Teslas Lumina, con t\u00fanel de 70 cm y con Inteligencia Artificial que facilita la adquisici\u00f3n de im\u00e1genes en un menor tiempo; un TAC de 128 cortes que dispone de tecnolog\u00eda espectral que hace posible reducir la dosis de radiaci\u00f3n al paciente y, adem\u00e1s, ayuda a la mayor detecci\u00f3n y caracterizaci\u00f3n de las lesiones tumorales; un equipo de rayos X digital y robotizado; dos ec\u00f3grafos; un mam\u00f3grafo para mamograf\u00eda con tomos\u00edntesis y mamograf\u00eda con contraste y biopsia 3D y un densit\u00f3metro que realiza estudios para valorar el diagn\u00f3stico de la osteoporosis y osteopenia, evaluando el riesgo de fractura.<\/p>\n<p>Otros servicios importantes del hospital son las urgencias 24 horas, la unidad de reanimaci\u00f3n y la unidad de cuidados intensivos con 7 puestos, las 20 habitaciones boutique para hospitalizaci\u00f3n, todas ellas dotadas de terraza, el Servicio de Atenci\u00f3n al Paciente internacional, el aparcamiento y la cafeter\u00eda.<\/p>\n<p>&nbsp;<\/p>\n<h3><strong><u>Sobre Recoletas Salud<\/u><\/strong><\/h3>\n<p>Cuenta con una trayectoria de 36 a\u00f1os en el mundo de la Sanidad Privada y es l\u00edder en muchas de las ciudades en las que est\u00e1 presente: Valladolid, Burgos, Palencia, Zamora, Segovia, Ponferrada, Cuenca, Ourense, C\u00e1diz, Sevilla, C\u00f3rdoba, Marbella, Murcia, Zaragoza, Pamplona, Le\u00f3n y Santander.<\/p>\n","protected":false},"excerpt":{"rendered":"<p>Gracias a sus profesionales, la tecnolog\u00eda m\u00e9dica y las instalaciones El hospital Recoletas Salud Marbella est\u00e1 destinado a convertirse en un referente de la sanidad en Marbella gracias sus profesionales m\u00e9dicos, la tecnolog\u00eda y las instalaciones con las que cuenta, as\u00ed lo aseguraron esta ma\u00f1ana el presidente de Recoletas Salud, Amando Rodr\u00edguez, y la gerente [&hellip;]<\/p>\n","protected":false},"author":3,"featured_media":292185,"comment_status":"open","ping_status":"closed","sticky":false,"template":"","format":"standard","meta":{"_et_pb_use_builder":"off","_et_pb_old_content":"","_et_gb_content_width":"","footnotes":""},"categories":[26],"tags":[33,28,36],"class_list":["post-292183","post","type-post","status-publish","format-standard","has-post-thumbnail","hentry","category-actividades-del-centro","tag-eventos","tag-noticias","tag-recoletas"],"yoast_head":"<!-- This site is optimized with the Yoast SEO plugin v26.1.1 - https:\/\/yoast.com\/wordpress\/plugins\/seo\/ -->\n<title>El Hospital Recoletas Salud Marbella concebido para ser referencia de salud y bienestar - Hospital Marbella<\/title>\n<meta name=\"description\" content=\"El hospital Recoletas Salud Marbella est\u00e1 destinado a convertirse en un referente de la sanidad en Marbella gracias sus profesionales m\u00e9dicos, la tecnolog\u00eda y las instalaciones.\" \/>\n<meta name=\"robots\" content=\"index, follow, max-snippet:-1, max-image-preview:large, max-video-preview:-1\" \/>\n<link rel=\"canonical\" href=\"https:\/\/recoletasmarbella.com\/es\/recoletas-salud-marbella-salud-y-bienestar\/\" \/>\n<meta property=\"og:locale\" content=\"es_ES\" \/>\n<meta property=\"og:type\" content=\"article\" \/>\n<meta property=\"og:title\" content=\"El Hospital Recoletas Salud Marbella concebido para ser referencia de salud y bienestar - Hospital Marbella\" \/>\n<meta property=\"og:description\" content=\"El hospital Recoletas Salud Marbella est\u00e1 destinado a convertirse en un referente de la sanidad en Marbella gracias sus profesionales m\u00e9dicos, la tecnolog\u00eda y las instalaciones.\" \/>\n<meta property=\"og:url\" content=\"https:\/\/recoletasmarbella.com\/es\/recoletas-salud-marbella-salud-y-bienestar\/\" \/>\n<meta property=\"og:site_name\" content=\"Hospital Marbella\" \/>\n<meta property=\"article:publisher\" content=\"https:\/\/www.facebook.com\/people\/Recoletas-Salud-Marbella\/61573653462220\/\" \/>\n<meta property=\"article:published_time\" content=\"2025-10-30T14:14:48+00:00\" \/>\n<meta property=\"article:modified_time\" content=\"2025-10-30T14:17:44+00:00\" \/>\n<meta property=\"og:image\" content=\"http:\/\/recoletasmarbella.com\/wp-content\/uploads\/2025\/10\/El-Hospital-Recoletas-Salud-Marbella-concebido-para-ser-referencia-de-salud-y-bienestar.jpg\" \/>\n\t<meta property=\"og:image:width\" content=\"1366\" \/>\n\t<meta property=\"og:image:height\" content=\"768\" \/>\n\t<meta property=\"og:image:type\" content=\"image\/jpeg\" \/>\n<meta name=\"author\" content=\"Marketing Recoletas\" \/>\n<meta name=\"twitter:card\" content=\"summary_large_image\" \/>\n<meta name=\"twitter:label1\" content=\"Escrito por\" \/>\n\t<meta name=\"twitter:data1\" content=\"Marketing Recoletas\" \/>\n\t<meta name=\"twitter:label2\" content=\"Tiempo de lectura\" \/>\n\t<meta name=\"twitter:data2\" content=\"3 minutos\" \/>\n<script type=\"application\/ld+json\" class=\"yoast-schema-graph\">{\"@context\":\"https:\/\/schema.org\",\"@graph\":[{\"@type\":\"Article\",\"@id\":\"https:\/\/recoletasmarbella.com\/recoletas-salud-marbella-salud-y-bienestar\/#article\",\"isPartOf\":{\"@id\":\"https:\/\/recoletasmarbella.com\/recoletas-salud-marbella-salud-y-bienestar\/\"},\"author\":{\"name\":\"Marketing Recoletas\",\"@id\":\"https:\/\/recoletasmarbella.com\/es\/#\/schema\/person\/3b21fa84f38da692a4e0fc02e4013aff\"},\"headline\":\"El Hospital Recoletas Salud Marbella concebido para ser referencia de salud y bienestar\",\"datePublished\":\"2025-10-30T14:14:48+00:00\",\"dateModified\":\"2025-10-30T14:17:44+00:00\",\"mainEntityOfPage\":{\"@id\":\"https:\/\/recoletasmarbella.com\/recoletas-salud-marbella-salud-y-bienestar\/\"},\"wordCount\":519,\"commentCount\":0,\"publisher\":{\"@id\":\"https:\/\/recoletasmarbella.com\/es\/#organization\"},\"image\":{\"@id\":\"https:\/\/recoletasmarbella.com\/recoletas-salud-marbella-salud-y-bienestar\/#primaryimage\"},\"thumbnailUrl\":\"https:\/\/recoletasmarbella.com\/wp-content\/uploads\/2025\/10\/El-Hospital-Recoletas-Salud-Marbella-concebido-para-ser-referencia-de-salud-y-bienestar.jpg\",\"keywords\":[\"Eventos\",\"noticias\",\"recoletas\"],\"articleSection\":[\"Actividades del centro\"],\"inLanguage\":\"es\",\"potentialAction\":[{\"@type\":\"CommentAction\",\"name\":\"Comment\",\"target\":[\"https:\/\/recoletasmarbella.com\/recoletas-salud-marbella-salud-y-bienestar\/#respond\"]}]},{\"@type\":\"WebPage\",\"@id\":\"https:\/\/recoletasmarbella.com\/recoletas-salud-marbella-salud-y-bienestar\/\",\"url\":\"https:\/\/recoletasmarbella.com\/recoletas-salud-marbella-salud-y-bienestar\/\",\"name\":\"El Hospital Recoletas Salud Marbella concebido para ser referencia de salud y bienestar - Hospital Marbella\",\"isPartOf\":{\"@id\":\"https:\/\/recoletasmarbella.com\/es\/#website\"},\"primaryImageOfPage\":{\"@id\":\"https:\/\/recoletasmarbella.com\/recoletas-salud-marbella-salud-y-bienestar\/#primaryimage\"},\"image\":{\"@id\":\"https:\/\/recoletasmarbella.com\/recoletas-salud-marbella-salud-y-bienestar\/#primaryimage\"},\"thumbnailUrl\":\"https:\/\/recoletasmarbella.com\/wp-content\/uploads\/2025\/10\/El-Hospital-Recoletas-Salud-Marbella-concebido-para-ser-referencia-de-salud-y-bienestar.jpg\",\"datePublished\":\"2025-10-30T14:14:48+00:00\",\"dateModified\":\"2025-10-30T14:17:44+00:00\",\"description\":\"El hospital Recoletas Salud Marbella est\u00e1 destinado a convertirse en un referente de la sanidad en Marbella gracias sus profesionales m\u00e9dicos, la tecnolog\u00eda y las instalaciones.\",\"breadcrumb\":{\"@id\":\"https:\/\/recoletasmarbella.com\/recoletas-salud-marbella-salud-y-bienestar\/#breadcrumb\"},\"inLanguage\":\"es\",\"potentialAction\":[{\"@type\":\"ReadAction\",\"target\":[\"https:\/\/recoletasmarbella.com\/recoletas-salud-marbella-salud-y-bienestar\/\"]}]},{\"@type\":\"ImageObject\",\"inLanguage\":\"es\",\"@id\":\"https:\/\/recoletasmarbella.com\/recoletas-salud-marbella-salud-y-bienestar\/#primaryimage\",\"url\":\"https:\/\/recoletasmarbella.com\/wp-content\/uploads\/2025\/10\/El-Hospital-Recoletas-Salud-Marbella-concebido-para-ser-referencia-de-salud-y-bienestar.jpg\",\"contentUrl\":\"https:\/\/recoletasmarbella.com\/wp-content\/uploads\/2025\/10\/El-Hospital-Recoletas-Salud-Marbella-concebido-para-ser-referencia-de-salud-y-bienestar.jpg\",\"width\":1366,\"height\":768,\"caption\":\"El Hospital Recoletas Salud Marbella concebido para ser referencia de salud y bienestar\"},{\"@type\":\"BreadcrumbList\",\"@id\":\"https:\/\/recoletasmarbella.com\/recoletas-salud-marbella-salud-y-bienestar\/#breadcrumb\",\"itemListElement\":[{\"@type\":\"ListItem\",\"position\":1,\"name\":\"Portada\",\"item\":\"https:\/\/recoletasmarbella.com\/es\/\"},{\"@type\":\"ListItem\",\"position\":2,\"name\":\"El Hospital Recoletas Salud Marbella concebido para ser referencia de salud y bienestar\"}]},{\"@type\":\"WebSite\",\"@id\":\"https:\/\/recoletasmarbella.com\/es\/#website\",\"url\":\"https:\/\/recoletasmarbella.com\/es\/\",\"name\":\"Hospital Recoletas Salud Marbella\",\"description\":\"Recoletas Salud\",\"publisher\":{\"@id\":\"https:\/\/recoletasmarbella.com\/es\/#organization\"},\"potentialAction\":[{\"@type\":\"SearchAction\",\"target\":{\"@type\":\"EntryPoint\",\"urlTemplate\":\"https:\/\/recoletasmarbella.com\/es\/?s={search_term_string}\"},\"query-input\":{\"@type\":\"PropertyValueSpecification\",\"valueRequired\":true,\"valueName\":\"search_term_string\"}}],\"inLanguage\":\"es\"},{\"@type\":\"Organization\",\"@id\":\"https:\/\/recoletasmarbella.com\/es\/#organization\",\"name\":\"Grupo Recoletas\",\"url\":\"https:\/\/recoletasmarbella.com\/es\/\",\"logo\":{\"@type\":\"ImageObject\",\"inLanguage\":\"es\",\"@id\":\"https:\/\/recoletasmarbella.com\/es\/#\/schema\/logo\/image\/\",\"url\":\"http:\/\/recoletasmarbella.com\/wp-content\/uploads\/2025\/01\/logo-v-hospital-marbella-1.png\",\"contentUrl\":\"http:\/\/recoletasmarbella.com\/wp-content\/uploads\/2025\/01\/logo-v-hospital-marbella-1.png\",\"width\":216,\"height\":164,\"caption\":\"Grupo Recoletas\"},\"image\":{\"@id\":\"https:\/\/recoletasmarbella.com\/es\/#\/schema\/logo\/image\/\"},\"sameAs\":[\"https:\/\/www.facebook.com\/people\/Recoletas-Salud-Marbella\/61573653462220\/\",\"https:\/\/www.instagram.com\/recoletassaludmarbella\/\",\"https:\/\/www.linkedin.com\/company\/recoletas-salud-marbella\",\"https:\/\/www.youtube.com\/@recoletassalud\"]},{\"@type\":\"Person\",\"@id\":\"https:\/\/recoletasmarbella.com\/es\/#\/schema\/person\/3b21fa84f38da692a4e0fc02e4013aff\",\"name\":\"Marketing Recoletas\",\"image\":{\"@type\":\"ImageObject\",\"inLanguage\":\"es\",\"@id\":\"https:\/\/recoletasmarbella.com\/es\/#\/schema\/person\/image\/\",\"url\":\"https:\/\/secure.gravatar.com\/avatar\/4199347ab14abe9709bf9ad4aec31b390e990cc5e81f7c6f88f680475de1932c?s=96&d=mm&r=g\",\"contentUrl\":\"https:\/\/secure.gravatar.com\/avatar\/4199347ab14abe9709bf9ad4aec31b390e990cc5e81f7c6f88f680475de1932c?s=96&d=mm&r=g\",\"caption\":\"Marketing Recoletas\"},\"url\":\"https:\/\/recoletasmarbella.com\/es\/author\/marketing\/\"}]}<\/script>\n<!-- \/ Yoast SEO plugin. -->","yoast_head_json":{"title":"El Hospital Recoletas Salud Marbella concebido para ser referencia de salud y bienestar - Hospital Marbella","description":"El hospital Recoletas Salud Marbella est\u00e1 destinado a convertirse en un referente de la sanidad en Marbella gracias sus profesionales m\u00e9dicos, la tecnolog\u00eda y las instalaciones.","robots":{"index":"index","follow":"follow","max-snippet":"max-snippet:-1","max-image-preview":"max-image-preview:large","max-video-preview":"max-video-preview:-1"},"canonical":"https:\/\/recoletasmarbella.com\/es\/recoletas-salud-marbella-salud-y-bienestar\/","og_locale":"es_ES","og_type":"article","og_title":"El Hospital Recoletas Salud Marbella concebido para ser referencia de salud y bienestar - Hospital Marbella","og_description":"El hospital Recoletas Salud Marbella est\u00e1 destinado a convertirse en un referente de la sanidad en Marbella gracias sus profesionales m\u00e9dicos, la tecnolog\u00eda y las instalaciones.","og_url":"https:\/\/recoletasmarbella.com\/es\/recoletas-salud-marbella-salud-y-bienestar\/","og_site_name":"Hospital Marbella","article_publisher":"https:\/\/www.facebook.com\/people\/Recoletas-Salud-Marbella\/61573653462220\/","article_published_time":"2025-10-30T14:14:48+00:00","article_modified_time":"2025-10-30T14:17:44+00:00","og_image":[{"width":1366,"height":768,"url":"http:\/\/recoletasmarbella.com\/wp-content\/uploads\/2025\/10\/El-Hospital-Recoletas-Salud-Marbella-concebido-para-ser-referencia-de-salud-y-bienestar.jpg","type":"image\/jpeg"}],"author":"Marketing Recoletas","twitter_card":"summary_large_image","twitter_misc":{"Escrito por":"Marketing Recoletas","Tiempo de lectura":"3 minutos"},"schema":{"@context":"https:\/\/schema.org","@graph":[{"@type":"Article","@id":"https:\/\/recoletasmarbella.com\/recoletas-salud-marbella-salud-y-bienestar\/#article","isPartOf":{"@id":"https:\/\/recoletasmarbella.com\/recoletas-salud-marbella-salud-y-bienestar\/"},"author":{"name":"Marketing Recoletas","@id":"https:\/\/recoletasmarbella.com\/es\/#\/schema\/person\/3b21fa84f38da692a4e0fc02e4013aff"},"headline":"El Hospital Recoletas Salud Marbella concebido para ser referencia de salud y bienestar","datePublished":"2025-10-30T14:14:48+00:00","dateModified":"2025-10-30T14:17:44+00:00","mainEntityOfPage":{"@id":"https:\/\/recoletasmarbella.com\/recoletas-salud-marbella-salud-y-bienestar\/"},"wordCount":519,"commentCount":0,"publisher":{"@id":"https:\/\/recoletasmarbella.com\/es\/#organization"},"image":{"@id":"https:\/\/recoletasmarbella.com\/recoletas-salud-marbella-salud-y-bienestar\/#primaryimage"},"thumbnailUrl":"https:\/\/recoletasmarbella.com\/wp-content\/uploads\/2025\/10\/El-Hospital-Recoletas-Salud-Marbella-concebido-para-ser-referencia-de-salud-y-bienestar.jpg","keywords":["Eventos","noticias","recoletas"],"articleSection":["Actividades del centro"],"inLanguage":"es","potentialAction":[{"@type":"CommentAction","name":"Comment","target":["https:\/\/recoletasmarbella.com\/recoletas-salud-marbella-salud-y-bienestar\/#respond"]}]},{"@type":"WebPage","@id":"https:\/\/recoletasmarbella.com\/recoletas-salud-marbella-salud-y-bienestar\/","url":"https:\/\/recoletasmarbella.com\/recoletas-salud-marbella-salud-y-bienestar\/","name":"El Hospital Recoletas Salud Marbella concebido para ser referencia de salud y bienestar - Hospital Marbella","isPartOf":{"@id":"https:\/\/recoletasmarbella.com\/es\/#website"},"primaryImageOfPage":{"@id":"https:\/\/recoletasmarbella.com\/recoletas-salud-marbella-salud-y-bienestar\/#primaryimage"},"image":{"@id":"https:\/\/recoletasmarbella.com\/recoletas-salud-marbella-salud-y-bienestar\/#primaryimage"},"thumbnailUrl":"https:\/\/recoletasmarbella.com\/wp-content\/uploads\/2025\/10\/El-Hospital-Recoletas-Salud-Marbella-concebido-para-ser-referencia-de-salud-y-bienestar.jpg","datePublished":"2025-10-30T14:14:48+00:00","dateModified":"2025-10-30T14:17:44+00:00","description":"El hospital Recoletas Salud Marbella est\u00e1 destinado a convertirse en un referente de la sanidad en Marbella gracias sus profesionales m\u00e9dicos, la tecnolog\u00eda y las instalaciones.","breadcrumb":{"@id":"https:\/\/recoletasmarbella.com\/recoletas-salud-marbella-salud-y-bienestar\/#breadcrumb"},"inLanguage":"es","potentialAction":[{"@type":"ReadAction","target":["https:\/\/recoletasmarbella.com\/recoletas-salud-marbella-salud-y-bienestar\/"]}]},{"@type":"ImageObject","inLanguage":"es","@id":"https:\/\/recoletasmarbella.com\/recoletas-salud-marbella-salud-y-bienestar\/#primaryimage","url":"https:\/\/recoletasmarbella.com\/wp-content\/uploads\/2025\/10\/El-Hospital-Recoletas-Salud-Marbella-concebido-para-ser-referencia-de-salud-y-bienestar.jpg","contentUrl":"https:\/\/recoletasmarbella.com\/wp-content\/uploads\/2025\/10\/El-Hospital-Recoletas-Salud-Marbella-concebido-para-ser-referencia-de-salud-y-bienestar.jpg","width":1366,"height":768,"caption":"El Hospital Recoletas Salud Marbella concebido para ser referencia de salud y bienestar"},{"@type":"BreadcrumbList","@id":"https:\/\/recoletasmarbella.com\/recoletas-salud-marbella-salud-y-bienestar\/#breadcrumb","itemListElement":[{"@type":"ListItem","position":1,"name":"Portada","item":"https:\/\/recoletasmarbella.com\/es\/"},{"@type":"ListItem","position":2,"name":"El Hospital Recoletas Salud Marbella concebido para ser referencia de salud y bienestar"}]},{"@type":"WebSite","@id":"https:\/\/recoletasmarbella.com\/es\/#website","url":"https:\/\/recoletasmarbella.com\/es\/","name":"Hospital Recoletas Salud Marbella","description":"Recoletas Salud","publisher":{"@id":"https:\/\/recoletasmarbella.com\/es\/#organization"},"potentialAction":[{"@type":"SearchAction","target":{"@type":"EntryPoint","urlTemplate":"https:\/\/recoletasmarbella.com\/es\/?s={search_term_string}"},"query-input":{"@type":"PropertyValueSpecification","valueRequired":true,"valueName":"search_term_string"}}],"inLanguage":"es"},{"@type":"Organization","@id":"https:\/\/recoletasmarbella.com\/es\/#organization","name":"Grupo Recoletas","url":"https:\/\/recoletasmarbella.com\/es\/","logo":{"@type":"ImageObject","inLanguage":"es","@id":"https:\/\/recoletasmarbella.com\/es\/#\/schema\/logo\/image\/","url":"http:\/\/recoletasmarbella.com\/wp-content\/uploads\/2025\/01\/logo-v-hospital-marbella-1.png","contentUrl":"http:\/\/recoletasmarbella.com\/wp-content\/uploads\/2025\/01\/logo-v-hospital-marbella-1.png","width":216,"height":164,"caption":"Grupo Recoletas"},"image":{"@id":"https:\/\/recoletasmarbella.com\/es\/#\/schema\/logo\/image\/"},"sameAs":["https:\/\/www.facebook.com\/people\/Recoletas-Salud-Marbella\/61573653462220\/","https:\/\/www.instagram.com\/recoletassaludmarbella\/","https:\/\/www.linkedin.com\/company\/recoletas-salud-marbella","https:\/\/www.youtube.com\/@recoletassalud"]},{"@type":"Person","@id":"https:\/\/recoletasmarbella.com\/es\/#\/schema\/person\/3b21fa84f38da692a4e0fc02e4013aff","name":"Marketing Recoletas","image":{"@type":"ImageObject","inLanguage":"es","@id":"https:\/\/recoletasmarbella.com\/es\/#\/schema\/person\/image\/","url":"https:\/\/secure.gravatar.com\/avatar\/4199347ab14abe9709bf9ad4aec31b390e990cc5e81f7c6f88f680475de1932c?s=96&d=mm&r=g","contentUrl":"https:\/\/secure.gravatar.com\/avatar\/4199347ab14abe9709bf9ad4aec31b390e990cc5e81f7c6f88f680475de1932c?s=96&d=mm&r=g","caption":"Marketing Recoletas"},"url":"https:\/\/recoletasmarbella.com\/es\/author\/marketing\/"}]}},"_links":{"self":[{"href":"https:\/\/recoletasmarbella.com\/es\/wp-json\/wp\/v2\/posts\/292183","targetHints":{"allow":["GET"]}}],"collection":[{"href":"https:\/\/recoletasmarbella.com\/es\/wp-json\/wp\/v2\/posts"}],"about":[{"href":"https:\/\/recoletasmarbella.com\/es\/wp-json\/wp\/v2\/types\/post"}],"author":[{"embeddable":true,"href":"https:\/\/recoletasmarbella.com\/es\/wp-json\/wp\/v2\/users\/3"}],"replies":[{"embeddable":true,"href":"https:\/\/recoletasmarbella.com\/es\/wp-json\/wp\/v2\/comments?post=292183"}],"version-history":[{"count":3,"href":"https:\/\/recoletasmarbella.com\/es\/wp-json\/wp\/v2\/posts\/292183\/revisions"}],"predecessor-version":[{"id":292187,"href":"https:\/\/recoletasmarbella.com\/es\/wp-json\/wp\/v2\/posts\/292183\/revisions\/292187"}],"wp:featuredmedia":[{"embeddable":true,"href":"https:\/\/recoletasmarbella.com\/es\/wp-json\/wp\/v2\/media\/292185"}],"wp:attachment":[{"href":"https:\/\/recoletasmarbella.com\/es\/wp-json\/wp\/v2\/media?parent=292183"}],"wp:term":[{"taxonomy":"category","embeddable":true,"href":"https:\/\/recoletasmarbella.com\/es\/wp-json\/wp\/v2\/categories?post=292183"},{"taxonomy":"post_tag","embeddable":true,"href":"https:\/\/recoletasmarbella.com\/es\/wp-json\/wp\/v2\/tags?post=292183"}],"curies":[{"name":"wp","href":"https:\/\/api.w.org\/{rel}","templated":true}]}}