{"id":292433,"date":"2026-02-13T15:01:33","date_gmt":"2026-02-13T15:01:33","guid":{"rendered":"https:\/\/recoletasmarbella.com\/?p=292433"},"modified":"2026-02-16T10:50:46","modified_gmt":"2026-02-16T10:50:46","slug":"nouvelle-exposition-dart","status":"publish","type":"post","link":"https:\/\/recoletasmarbella.com\/fr\/nouvelle-exposition-dart\/","title":{"rendered":"Nouvelle exposition d'art \u00e0 l'h\u00f4pital Recoletas Salud Marbella"},"content":{"rendered":"<h2><strong><em>Treize \u0153uvres du peintre Alejandro Hermann<\/em><\/strong><\/h2>\n<h2><strong><em>En collaboration avec la Fondation [H]ARTE pour am\u00e9liorer le s\u00e9jour hospitalier de leurs patients<\/em><\/strong><\/h2>\n<p>Depuis hier soir, l'h\u00f4pital Recoletas Salud de Marbella accueille une exposition de l'artiste argentin Alejandro Hermann, qui vit \u00e0 Marbella depuis plus de trente ans.<\/p>\n<p>Dans le but commun d'humaniser les espaces hospitaliers et de les transformer progressivement en lieux plus accueillants et confortables, Recoletas Salud Marbella, en collaboration avec la Fondation [H]ARTE, organise cette deuxi\u00e8me exposition (la premi\u00e8re \u00e9tait celle de l'artiste Hubertus de Holenhoe), compos\u00e9e de onze peintures s\u00e9lectionn\u00e9es par l'artiste lui-m\u00eame pour cette exposition, qui sont r\u00e9parties dans les espaces communs de l'h\u00f4pital pour le plaisir des patients et des travailleurs.<\/p>\n<p>Lors de l'inauguration de l'exposition, Carmen Rodr\u00edguez, directrice de Recoletas Salud Marbella, a salu\u00e9 cette initiative qui vise \u00e0 garantir aux patients qui viennent \u00e0 l'h\u00f4pital un s\u00e9jour plus amical, plus chaleureux et de bien meilleure qualit\u00e9.<\/p>\n<p><em>\"Pour Recoletas Salud Marbella, cette initiative est un grand succ\u00e8s qui souligne notre volont\u00e9 d'\u00eatre bien plus qu'un h\u00f4pital qui fournit des soins de sant\u00e9 et de bien-\u00eatre. Nous voulons aussi rapprocher l'art de nos patients, promouvoir la culture et la connaissance.<\/em>\"a d\u00e9clar\u00e9 Carmen Rodr\u00edguez.<\/p>\n<p>Am\u00e9liorer l'exp\u00e9rience hospitali\u00e8re des patients, accro\u00eetre leur bien-\u00eatre et enrichir leur vie est \u00e9galement l'objectif principal de la Fondation [H]ARTE. Tamara Kreisler, qui a plus de 25 ans d'exp\u00e9rience dans le monde de l'art, est la pr\u00e9sidente de cette fondation. <em>\"Il existe des preuves de l'effet th\u00e9rapeutique de l'art sur les gens. L'Organisation mondiale de la sant\u00e9 elle-m\u00eame souligne le r\u00f4le de l'art dans la r\u00e9duction du stress, de la tension, de l'anxi\u00e9t\u00e9, etc. chez les patients.<\/em>\"Il a insist\u00e9 sur ce point.<\/p>\n<p>Carmen Rodr\u00edguez et Kreisler ont tous deux soulign\u00e9 la chance que repr\u00e9sente la pr\u00e9sence dans cette exposition de l'artiste Alejando Hermann, dont les \u0153uvres ont fait l'objet de visites collectives, priv\u00e9es et individuelles dans diff\u00e9rentes r\u00e9gions d'Espagne et d'Europe.<\/p>\n<p>Depuis plus de 40 ans, Hermann explore un large \u00e9ventail de styles, de sujets, de mat\u00e9riaux et de techniques, de la peinture figurative \u00e0 l'abstraction la plus intime, invitant le spectateur \u00e0 une exp\u00e9rience d'introspection \u00e9motionnelle et spirituelle. Son art cherche \u00e0 inspirer la pens\u00e9e, \u00e9voquant des \u00e9tats int\u00e9rieurs de paix, d'\u00e9quilibre et de r\u00e9flexion.<\/p>\n<p><strong>*L'exposition sera visible pendant les quatre prochains mois.<\/strong><\/p>\n<p><strong>*H\u00f4pital Recoletas Salud Marbella (c\/ Maestra Do\u00f1a Carola, 8. Marbella) <\/strong><\/p>\n<p>&nbsp;<\/p>\n<h2><strong><u>\u00c0 propos de Recoletas Health<\/u><\/strong><\/h2>\n<p>Avec 37 ans d'exp\u00e9rience dans le secteur de la sant\u00e9 en Espagne, Recoletas Salud est pr\u00e9sent \u00e0 Burgos, Cadix, Cuenca, Cordoue, Marbella, Murcie, Ourense, Palencia, Ponferrada, Salamanque, Santander, S\u00e9govie, S\u00e9ville, Valladolid, Zamora et Saragosse.<\/p>\n<p>Le projet Recoletas Salud se distingue par le fait que tous ses h\u00f4pitaux et centres m\u00e9dicaux, centres d'imagerie diagnostique, cliniques de m\u00e9decine reproductive et instituts m\u00e9dicaux sp\u00e9cialis\u00e9s sont \u00e9quip\u00e9s des meilleurs \u00e9quipements m\u00e9dicaux et de la derni\u00e8re technologie sanitaire, la plus avanc\u00e9e et la plus intelligente du secteur.<\/p>\n<p>&nbsp;<\/p>\n<h2><strong><u>\u00c0 propos de la Fondation [H]ARTE<\/u><\/strong><\/h2>\n<p>La Fondation [H]ARTE organise des expositions d\u2019art temporaires et cr\u00e9e des fresques murales solidaires dans des espaces o\u00f9 se trouvent des personnes en situation de vuln\u00e9rabilit\u00e9, tels que des h\u00f4pitaux, des centres de sant\u00e9 et des r\u00e9sidences. Leur objectif est de permettre \u00e0 tous ceux qui y passent du temps \u2013 patients, membres de la famille et professionnels de la sant\u00e9 \u2013 de s\u2019\u00e9vader et d\u2019\u00eatre inspir\u00e9s par la valeur artistique de chaque \u0153uvre pendant le processus de gu\u00e9rison, tant physique qu\u2019\u00e9motionnel.<\/p>\n<p>Il s\u2019agit de la premi\u00e8re organisation espagnole \u00e0 mettre en \u0153uvre ce type d\u2019activit\u00e9 dans notre pays, apr\u00e8s le succ\u00e8s d\u2019initiatives similaires dans des pays comme les \u00c9tats-Unis et le Royaume-Uni, avec d\u2019excellents r\u00e9sultats tant pour les patients que pour le personnel hospitalier.<\/p>","protected":false},"excerpt":{"rendered":"<p>Trece obras del pintor Alejandro Hermann En colaboraci\u00f3n con la Fundaci\u00f3n [H]ARTE para mejorar la estancia hospitalaria de sus pacientes El Hospital Recoletas Salud de Marbella acoge desde ayer tarde una exposici\u00f3n del artista argentino y residente en Marbella desde hace m\u00e1s de tres d\u00e9cadas, Alejandro Hermann. Con el objetivo com\u00fan de humanizar los espacios [&hellip;]<\/p>","protected":false},"author":3,"featured_media":292434,"comment_status":"open","ping_status":"closed","sticky":false,"template":"","format":"standard","meta":{"_et_pb_use_builder":"off","_et_pb_old_content":"","_et_gb_content_width":"","footnotes":""},"categories":[26],"tags":[33,32,28,36],"class_list":["post-292433","post","type-post","status-publish","format-standard","has-post-thumbnail","hentry","category-actividades-del-centro","tag-eventos","tag-fundacion-harte","tag-noticias","tag-recoletas"],"yoast_head":"<!-- This site is optimized with the Yoast SEO plugin v26.1.1 - https:\/\/yoast.com\/wordpress\/plugins\/seo\/ -->\n<title>Nueva exposici\u00f3n art\u00edstica en el Hospital Recoletas Salud Marbella - Hospital Marbella<\/title>\n<meta name=\"description\" content=\"El Hospital Recoletas Salud de Marbella acoge desde ayer tarde una exposici\u00f3n del artista argentino y residente en Marbella desde hace m\u00e1s de tres d\u00e9cadas, Alejandro Hermann.\" \/>\n<meta name=\"robots\" content=\"index, follow, max-snippet:-1, max-image-preview:large, max-video-preview:-1\" \/>\n<link rel=\"canonical\" href=\"https:\/\/recoletasmarbella.com\/fr\/nouvelle-exposition-dart\/\" \/>\n<meta property=\"og:locale\" content=\"fr_FR\" \/>\n<meta property=\"og:type\" content=\"article\" \/>\n<meta property=\"og:title\" content=\"Nueva exposici\u00f3n art\u00edstica en el Hospital Recoletas Salud Marbella - Hospital Marbella\" \/>\n<meta property=\"og:description\" content=\"El Hospital Recoletas Salud de Marbella acoge desde ayer tarde una exposici\u00f3n del artista argentino y residente en Marbella desde hace m\u00e1s de tres d\u00e9cadas, Alejandro Hermann.\" \/>\n<meta property=\"og:url\" content=\"https:\/\/recoletasmarbella.com\/fr\/nouvelle-exposition-dart\/\" \/>\n<meta property=\"og:site_name\" content=\"Hospital Marbella\" \/>\n<meta property=\"article:publisher\" content=\"https:\/\/www.facebook.com\/people\/Recoletas-Salud-Marbella\/61573653462220\/\" \/>\n<meta property=\"article:published_time\" content=\"2026-02-13T15:01:33+00:00\" \/>\n<meta property=\"article:modified_time\" content=\"2026-02-16T10:50:46+00:00\" \/>\n<meta property=\"og:image\" content=\"http:\/\/recoletasmarbella.com\/wp-content\/uploads\/2026\/02\/Nueva-exposicion-artistica-en-el-Hospital-Recoletas-Salud-Marbella.png\" \/>\n\t<meta property=\"og:image:width\" content=\"1366\" \/>\n\t<meta property=\"og:image:height\" content=\"768\" \/>\n\t<meta property=\"og:image:type\" content=\"image\/png\" \/>\n<meta name=\"author\" content=\"Marketing Recoletas\" \/>\n<meta name=\"twitter:card\" content=\"summary_large_image\" \/>\n<meta name=\"twitter:label1\" content=\"\u00c9crit par\" \/>\n\t<meta name=\"twitter:data1\" content=\"Marketing Recoletas\" \/>\n\t<meta name=\"twitter:label2\" content=\"Dur\u00e9e de lecture estim\u00e9e\" \/>\n\t<meta name=\"twitter:data2\" content=\"3 minutes\" \/>\n<script type=\"application\/ld+json\" class=\"yoast-schema-graph\">{\"@context\":\"https:\/\/schema.org\",\"@graph\":[{\"@type\":\"Article\",\"@id\":\"https:\/\/recoletasmarbella.com\/nueva-exposicion-artistica\/#article\",\"isPartOf\":{\"@id\":\"https:\/\/recoletasmarbella.com\/nueva-exposicion-artistica\/\"},\"author\":{\"name\":\"Marketing Recoletas\",\"@id\":\"https:\/\/recoletasmarbella.com\/es\/#\/schema\/person\/3b21fa84f38da692a4e0fc02e4013aff\"},\"headline\":\"Nueva exposici\u00f3n art\u00edstica en el Hospital Recoletas Salud Marbella\",\"datePublished\":\"2026-02-13T15:01:33+00:00\",\"dateModified\":\"2026-02-16T10:50:46+00:00\",\"mainEntityOfPage\":{\"@id\":\"https:\/\/recoletasmarbella.com\/nueva-exposicion-artistica\/\"},\"wordCount\":668,\"commentCount\":0,\"publisher\":{\"@id\":\"https:\/\/recoletasmarbella.com\/es\/#organization\"},\"image\":{\"@id\":\"https:\/\/recoletasmarbella.com\/nueva-exposicion-artistica\/#primaryimage\"},\"thumbnailUrl\":\"https:\/\/recoletasmarbella.com\/wp-content\/uploads\/2026\/02\/Nueva-exposicion-artistica-en-el-Hospital-Recoletas-Salud-Marbella.png\",\"keywords\":[\"Eventos\",\"fundaci\u00f3n [H]ARTE\",\"noticias\",\"recoletas\"],\"articleSection\":[\"Actividades del centro\"],\"inLanguage\":\"fr-FR\",\"potentialAction\":[{\"@type\":\"CommentAction\",\"name\":\"Comment\",\"target\":[\"https:\/\/recoletasmarbella.com\/nueva-exposicion-artistica\/#respond\"]}]},{\"@type\":\"WebPage\",\"@id\":\"https:\/\/recoletasmarbella.com\/nueva-exposicion-artistica\/\",\"url\":\"https:\/\/recoletasmarbella.com\/nueva-exposicion-artistica\/\",\"name\":\"Nueva exposici\u00f3n art\u00edstica en el Hospital Recoletas Salud Marbella - Hospital Marbella\",\"isPartOf\":{\"@id\":\"https:\/\/recoletasmarbella.com\/es\/#website\"},\"primaryImageOfPage\":{\"@id\":\"https:\/\/recoletasmarbella.com\/nueva-exposicion-artistica\/#primaryimage\"},\"image\":{\"@id\":\"https:\/\/recoletasmarbella.com\/nueva-exposicion-artistica\/#primaryimage\"},\"thumbnailUrl\":\"https:\/\/recoletasmarbella.com\/wp-content\/uploads\/2026\/02\/Nueva-exposicion-artistica-en-el-Hospital-Recoletas-Salud-Marbella.png\",\"datePublished\":\"2026-02-13T15:01:33+00:00\",\"dateModified\":\"2026-02-16T10:50:46+00:00\",\"description\":\"El Hospital Recoletas Salud de Marbella acoge desde ayer tarde una exposici\u00f3n del artista argentino y residente en Marbella desde hace m\u00e1s de tres d\u00e9cadas, Alejandro Hermann.\",\"breadcrumb\":{\"@id\":\"https:\/\/recoletasmarbella.com\/nueva-exposicion-artistica\/#breadcrumb\"},\"inLanguage\":\"fr-FR\",\"potentialAction\":[{\"@type\":\"ReadAction\",\"target\":[\"https:\/\/recoletasmarbella.com\/nueva-exposicion-artistica\/\"]}]},{\"@type\":\"ImageObject\",\"inLanguage\":\"fr-FR\",\"@id\":\"https:\/\/recoletasmarbella.com\/nueva-exposicion-artistica\/#primaryimage\",\"url\":\"https:\/\/recoletasmarbella.com\/wp-content\/uploads\/2026\/02\/Nueva-exposicion-artistica-en-el-Hospital-Recoletas-Salud-Marbella.png\",\"contentUrl\":\"https:\/\/recoletasmarbella.com\/wp-content\/uploads\/2026\/02\/Nueva-exposicion-artistica-en-el-Hospital-Recoletas-Salud-Marbella.png\",\"width\":1366,\"height\":768,\"caption\":\"Nueva exposici\u00f3n art\u00edstica en el Hospital Recoletas Salud Marbella\"},{\"@type\":\"BreadcrumbList\",\"@id\":\"https:\/\/recoletasmarbella.com\/nueva-exposicion-artistica\/#breadcrumb\",\"itemListElement\":[{\"@type\":\"ListItem\",\"position\":1,\"name\":\"Portada\",\"item\":\"https:\/\/recoletasmarbella.com\/es\/\"},{\"@type\":\"ListItem\",\"position\":2,\"name\":\"Nueva exposici\u00f3n art\u00edstica en el Hospital Recoletas Salud Marbella\"}]},{\"@type\":\"WebSite\",\"@id\":\"https:\/\/recoletasmarbella.com\/es\/#website\",\"url\":\"https:\/\/recoletasmarbella.com\/es\/\",\"name\":\"Hospital Recoletas Salud Marbella\",\"description\":\"Recoletas Salud\",\"publisher\":{\"@id\":\"https:\/\/recoletasmarbella.com\/es\/#organization\"},\"potentialAction\":[{\"@type\":\"SearchAction\",\"target\":{\"@type\":\"EntryPoint\",\"urlTemplate\":\"https:\/\/recoletasmarbella.com\/es\/?s={search_term_string}\"},\"query-input\":{\"@type\":\"PropertyValueSpecification\",\"valueRequired\":true,\"valueName\":\"search_term_string\"}}],\"inLanguage\":\"fr-FR\"},{\"@type\":\"Organization\",\"@id\":\"https:\/\/recoletasmarbella.com\/es\/#organization\",\"name\":\"Grupo Recoletas\",\"url\":\"https:\/\/recoletasmarbella.com\/es\/\",\"logo\":{\"@type\":\"ImageObject\",\"inLanguage\":\"fr-FR\",\"@id\":\"https:\/\/recoletasmarbella.com\/es\/#\/schema\/logo\/image\/\",\"url\":\"http:\/\/recoletasmarbella.com\/wp-content\/uploads\/2025\/01\/logo-v-hospital-marbella-1.png\",\"contentUrl\":\"http:\/\/recoletasmarbella.com\/wp-content\/uploads\/2025\/01\/logo-v-hospital-marbella-1.png\",\"width\":216,\"height\":164,\"caption\":\"Grupo Recoletas\"},\"image\":{\"@id\":\"https:\/\/recoletasmarbella.com\/es\/#\/schema\/logo\/image\/\"},\"sameAs\":[\"https:\/\/www.facebook.com\/people\/Recoletas-Salud-Marbella\/61573653462220\/\",\"https:\/\/www.instagram.com\/recoletassaludmarbella\/\",\"https:\/\/www.linkedin.com\/company\/recoletas-salud-marbella\",\"https:\/\/www.youtube.com\/@recoletassalud\"]},{\"@type\":\"Person\",\"@id\":\"https:\/\/recoletasmarbella.com\/es\/#\/schema\/person\/3b21fa84f38da692a4e0fc02e4013aff\",\"name\":\"Marketing Recoletas\",\"image\":{\"@type\":\"ImageObject\",\"inLanguage\":\"fr-FR\",\"@id\":\"https:\/\/recoletasmarbella.com\/es\/#\/schema\/person\/image\/\",\"url\":\"https:\/\/secure.gravatar.com\/avatar\/4199347ab14abe9709bf9ad4aec31b390e990cc5e81f7c6f88f680475de1932c?s=96&d=mm&r=g\",\"contentUrl\":\"https:\/\/secure.gravatar.com\/avatar\/4199347ab14abe9709bf9ad4aec31b390e990cc5e81f7c6f88f680475de1932c?s=96&d=mm&r=g\",\"caption\":\"Marketing Recoletas\"},\"url\":\"https:\/\/recoletasmarbella.com\/fr\/author\/marketing\/\"}]}<\/script>\n<!-- \/ Yoast SEO plugin. -->","yoast_head_json":{"title":"Nouvelle exposition d'art \u00e0 l'h\u00f4pital Recoletas Salud Marbella - Hospital Marbella","description":"Depuis hier soir, l'h\u00f4pital Recoletas Salud de Marbella accueille une exposition de l'artiste argentin Alejandro Hermann, qui vit \u00e0 Marbella depuis plus de trente ans.","robots":{"index":"index","follow":"follow","max-snippet":"max-snippet:-1","max-image-preview":"max-image-preview:large","max-video-preview":"max-video-preview:-1"},"canonical":"https:\/\/recoletasmarbella.com\/fr\/nouvelle-exposition-dart\/","og_locale":"fr_FR","og_type":"article","og_title":"Nueva exposici\u00f3n art\u00edstica en el Hospital Recoletas Salud Marbella - Hospital Marbella","og_description":"El Hospital Recoletas Salud de Marbella acoge desde ayer tarde una exposici\u00f3n del artista argentino y residente en Marbella desde hace m\u00e1s de tres d\u00e9cadas, Alejandro Hermann.","og_url":"https:\/\/recoletasmarbella.com\/fr\/nouvelle-exposition-dart\/","og_site_name":"Hospital Marbella","article_publisher":"https:\/\/www.facebook.com\/people\/Recoletas-Salud-Marbella\/61573653462220\/","article_published_time":"2026-02-13T15:01:33+00:00","article_modified_time":"2026-02-16T10:50:46+00:00","og_image":[{"width":1366,"height":768,"url":"http:\/\/recoletasmarbella.com\/wp-content\/uploads\/2026\/02\/Nueva-exposicion-artistica-en-el-Hospital-Recoletas-Salud-Marbella.png","type":"image\/png"}],"author":"Marketing Recoletas","twitter_card":"summary_large_image","twitter_misc":{"\u00c9crit par":"Marketing Recoletas","Dur\u00e9e de lecture estim\u00e9e":"3 minutes"},"schema":{"@context":"https:\/\/schema.org","@graph":[{"@type":"Article","@id":"https:\/\/recoletasmarbella.com\/nueva-exposicion-artistica\/#article","isPartOf":{"@id":"https:\/\/recoletasmarbella.com\/nueva-exposicion-artistica\/"},"author":{"name":"Marketing Recoletas","@id":"https:\/\/recoletasmarbella.com\/es\/#\/schema\/person\/3b21fa84f38da692a4e0fc02e4013aff"},"headline":"Nueva exposici\u00f3n art\u00edstica en el Hospital Recoletas Salud Marbella","datePublished":"2026-02-13T15:01:33+00:00","dateModified":"2026-02-16T10:50:46+00:00","mainEntityOfPage":{"@id":"https:\/\/recoletasmarbella.com\/nueva-exposicion-artistica\/"},"wordCount":668,"commentCount":0,"publisher":{"@id":"https:\/\/recoletasmarbella.com\/es\/#organization"},"image":{"@id":"https:\/\/recoletasmarbella.com\/nueva-exposicion-artistica\/#primaryimage"},"thumbnailUrl":"https:\/\/recoletasmarbella.com\/wp-content\/uploads\/2026\/02\/Nueva-exposicion-artistica-en-el-Hospital-Recoletas-Salud-Marbella.png","keywords":["Eventos","fundaci\u00f3n [H]ARTE","noticias","recoletas"],"articleSection":["Actividades del centro"],"inLanguage":"fr-FR","potentialAction":[{"@type":"CommentAction","name":"Comment","target":["https:\/\/recoletasmarbella.com\/nueva-exposicion-artistica\/#respond"]}]},{"@type":"WebPage","@id":"https:\/\/recoletasmarbella.com\/nueva-exposicion-artistica\/","url":"https:\/\/recoletasmarbella.com\/nueva-exposicion-artistica\/","name":"Nouvelle exposition d'art \u00e0 l'h\u00f4pital Recoletas Salud Marbella - Hospital Marbella","isPartOf":{"@id":"https:\/\/recoletasmarbella.com\/es\/#website"},"primaryImageOfPage":{"@id":"https:\/\/recoletasmarbella.com\/nueva-exposicion-artistica\/#primaryimage"},"image":{"@id":"https:\/\/recoletasmarbella.com\/nueva-exposicion-artistica\/#primaryimage"},"thumbnailUrl":"https:\/\/recoletasmarbella.com\/wp-content\/uploads\/2026\/02\/Nueva-exposicion-artistica-en-el-Hospital-Recoletas-Salud-Marbella.png","datePublished":"2026-02-13T15:01:33+00:00","dateModified":"2026-02-16T10:50:46+00:00","description":"Depuis hier soir, l'h\u00f4pital Recoletas Salud de Marbella accueille une exposition de l'artiste argentin Alejandro Hermann, qui vit \u00e0 Marbella depuis plus de trente ans.","breadcrumb":{"@id":"https:\/\/recoletasmarbella.com\/nueva-exposicion-artistica\/#breadcrumb"},"inLanguage":"fr-FR","potentialAction":[{"@type":"ReadAction","target":["https:\/\/recoletasmarbella.com\/nueva-exposicion-artistica\/"]}]},{"@type":"ImageObject","inLanguage":"fr-FR","@id":"https:\/\/recoletasmarbella.com\/nueva-exposicion-artistica\/#primaryimage","url":"https:\/\/recoletasmarbella.com\/wp-content\/uploads\/2026\/02\/Nueva-exposicion-artistica-en-el-Hospital-Recoletas-Salud-Marbella.png","contentUrl":"https:\/\/recoletasmarbella.com\/wp-content\/uploads\/2026\/02\/Nueva-exposicion-artistica-en-el-Hospital-Recoletas-Salud-Marbella.png","width":1366,"height":768,"caption":"Nueva exposici\u00f3n art\u00edstica en el Hospital Recoletas Salud Marbella"},{"@type":"BreadcrumbList","@id":"https:\/\/recoletasmarbella.com\/nueva-exposicion-artistica\/#breadcrumb","itemListElement":[{"@type":"ListItem","position":1,"name":"Portada","item":"https:\/\/recoletasmarbella.com\/es\/"},{"@type":"ListItem","position":2,"name":"Nueva exposici\u00f3n art\u00edstica en el Hospital Recoletas Salud Marbella"}]},{"@type":"WebSite","@id":"https:\/\/recoletasmarbella.com\/es\/#website","url":"https:\/\/recoletasmarbella.com\/es\/","name":"L'h\u00f4pital Recoletas Salud Marbella","description":"de recoletas salud","publisher":{"@id":"https:\/\/recoletasmarbella.com\/es\/#organization"},"potentialAction":[{"@type":"SearchAction","target":{"@type":"EntryPoint","urlTemplate":"https:\/\/recoletasmarbella.com\/es\/?s={search_term_string}"},"query-input":{"@type":"PropertyValueSpecification","valueRequired":true,"valueName":"search_term_string"}}],"inLanguage":"fr-FR"},{"@type":"Organization","@id":"https:\/\/recoletasmarbella.com\/es\/#organization","name":"Groupe Recoletas","url":"https:\/\/recoletasmarbella.com\/es\/","logo":{"@type":"ImageObject","inLanguage":"fr-FR","@id":"https:\/\/recoletasmarbella.com\/es\/#\/schema\/logo\/image\/","url":"http:\/\/recoletasmarbella.com\/wp-content\/uploads\/2025\/01\/logo-v-hospital-marbella-1.png","contentUrl":"http:\/\/recoletasmarbella.com\/wp-content\/uploads\/2025\/01\/logo-v-hospital-marbella-1.png","width":216,"height":164,"caption":"Grupo Recoletas"},"image":{"@id":"https:\/\/recoletasmarbella.com\/es\/#\/schema\/logo\/image\/"},"sameAs":["https:\/\/www.facebook.com\/people\/Recoletas-Salud-Marbella\/61573653462220\/","https:\/\/www.instagram.com\/recoletassaludmarbella\/","https:\/\/www.linkedin.com\/company\/recoletas-salud-marbella","https:\/\/www.youtube.com\/@recoletassalud"]},{"@type":"Person","@id":"https:\/\/recoletasmarbella.com\/es\/#\/schema\/person\/3b21fa84f38da692a4e0fc02e4013aff","name":"Marketing Recoletas","image":{"@type":"ImageObject","inLanguage":"fr-FR","@id":"https:\/\/recoletasmarbella.com\/es\/#\/schema\/person\/image\/","url":"https:\/\/secure.gravatar.com\/avatar\/4199347ab14abe9709bf9ad4aec31b390e990cc5e81f7c6f88f680475de1932c?s=96&d=mm&r=g","contentUrl":"https:\/\/secure.gravatar.com\/avatar\/4199347ab14abe9709bf9ad4aec31b390e990cc5e81f7c6f88f680475de1932c?s=96&d=mm&r=g","caption":"Marketing Recoletas"},"url":"https:\/\/recoletasmarbella.com\/fr\/author\/marketing\/"}]}},"_links":{"self":[{"href":"https:\/\/recoletasmarbella.com\/fr\/wp-json\/wp\/v2\/posts\/292433","targetHints":{"allow":["GET"]}}],"collection":[{"href":"https:\/\/recoletasmarbella.com\/fr\/wp-json\/wp\/v2\/posts"}],"about":[{"href":"https:\/\/recoletasmarbella.com\/fr\/wp-json\/wp\/v2\/types\/post"}],"author":[{"embeddable":true,"href":"https:\/\/recoletasmarbella.com\/fr\/wp-json\/wp\/v2\/users\/3"}],"replies":[{"embeddable":true,"href":"https:\/\/recoletasmarbella.com\/fr\/wp-json\/wp\/v2\/comments?post=292433"}],"version-history":[{"count":1,"href":"https:\/\/recoletasmarbella.com\/fr\/wp-json\/wp\/v2\/posts\/292433\/revisions"}],"predecessor-version":[{"id":292435,"href":"https:\/\/recoletasmarbella.com\/fr\/wp-json\/wp\/v2\/posts\/292433\/revisions\/292435"}],"wp:featuredmedia":[{"embeddable":true,"href":"https:\/\/recoletasmarbella.com\/fr\/wp-json\/wp\/v2\/media\/292434"}],"wp:attachment":[{"href":"https:\/\/recoletasmarbella.com\/fr\/wp-json\/wp\/v2\/media?parent=292433"}],"wp:term":[{"taxonomy":"category","embeddable":true,"href":"https:\/\/recoletasmarbella.com\/fr\/wp-json\/wp\/v2\/categories?post=292433"},{"taxonomy":"post_tag","embeddable":true,"href":"https:\/\/recoletasmarbella.com\/fr\/wp-json\/wp\/v2\/tags?post=292433"}],"curies":[{"name":"wp","href":"https:\/\/api.w.org\/{rel}","templated":true}]}}